{"id":73,"date":"2013-09-09T10:50:00","date_gmt":"2013-09-09T09:50:00","guid":{"rendered":"http:\/\/leichte.news\/?p=73"},"modified":"2017-02-11T08:24:08","modified_gmt":"2017-02-11T07:24:08","slug":"wahlbereit-am-22-september-gibt-es-gleich-drei-wahlen","status":"publish","type":"post","link":"https:\/\/leichte.news\/?p=73","title":{"rendered":"Wahlbereit: Am 22. September gibt es gleich drei Wahlen"},"content":{"rendered":"<p>Kirsten Fr\u00fcndt und Marian Zachow k\u00f6nnen Landrat werden. Im ersten Anlauf haben sie die meisten Stimmen bekommen. Die Bewohner im Landkreis haben dar\u00fcber am 8. September abgestimmt. <!--more--><br \/>\nKirsten Fr\u00fcndt tritt f\u00fcr die SPD an. Marian Zachow ist von der CDU.<br \/>\nF\u00fcnf weitere Kandidaten haben weniger Stimmen erhalten. Sie d\u00fcrfen jetzt nicht mehr antreten.<br \/>\nDie Menschen m\u00fcssen sich am 22. September zwischen Kirsten Fr\u00fcndt und Marian Zachow entscheiden. Von Kirsten Fr\u00fcndt hat marburgnews <a href=\"https:\/\/www.youtube.com\/watch?v=JwKjkCv6Bls\">&gt;ein Video aufgenommen<\/a>. Darin erkl\u00e4rt sie ihre Politik.<br \/>\nMarian Zachow hat Naomi Fenner und Franz-Josef Hanke nichts gesagt. Trotzdem will er Landrat werden.<br \/>\nAm 22. September w\u00e4hlen die B\u00fcrger im Landkreis Marburg-Biedenkopf nicht nur ihren Landrat. An diesem Tag w\u00e4hlen die Leute auch den Hessischen Landtag und den Deutschen Bundestag.<br \/>\nF\u00fcr den Landtag kandidieren in Marburg acht Parteien. Auch f\u00fcr den Bundestag gibt es acht Bewerber.<br \/>\nJeder B\u00fcrger hat bei beiden Wahlen zwei Stimmen. Er kann eine Partei und einen Menschen aussuchen.<br \/>\nNaomi Fenner und Franz-Josef Hanke haben drei Kandidaten f\u00fcr den Bundestag gefilmt. Au\u00dferdem gibt es Filme von f\u00fcnf Bewerbern f\u00fcr den Landtag.<br \/>\nS\u00f6ren Bartol von der SPD will wieder in den Bundestag. Er ist schon Abgeordneter in Berlin. <a href=\"https:\/\/www.youtube.com\/watch?v=htBixLmGVkI\">Sein Video<\/a> steht im Internet.<br \/>\nAuch Matthias Knoche von den Gr\u00fcnen will in den Bundestag. <a href=\"https:\/\/www.youtube.com\/watch?v=ysiSCmCX6N8\">Sein Video<\/a> steht auch im Internet.<br \/>\nMichael Weber m\u00f6chte f\u00fcr die Piraten in den Bundestag und auch in den Landtag. <a href=\"https:\/\/www.youtube.com\/watch?v=fLtCEVpnTvU\">Sein Video<\/a> kann man auch anschauen.<br \/>\nJens Fricke will f\u00fcr die Piraten in den Landtag. <a href=\"https:\/\/www.youtube.com\/watch?v=7ugWNxyzjyk\">Seinen Film<\/a> kann man auch im Internet sehen.<br \/>\nThomas Sch\u00e4fer will f\u00fcr die CDU in den Landtag. Heute ist er Hessischer Finanzminister. Auch von ihm gibt es einen <a href=\"https:\/\/www.youtube.com\/watch?v=7GU13wRmw4E\">Film<\/a>.<br \/>\nJan Schalauske von den Linken will auch in den Landtag. Von ihm gibt es auch einen <a href=\"https:\/\/www.youtube.com\/watch?v=vlA9u9p6jKc\">Film<\/a>.<br \/>\nThomas Spies will noch einmal in den Landtag. Der Mann von der SPD ist schon Abgeordneter in Wiesbaden. Auch <a href=\"https:\/\/www.youtube.com\/watch?v=PunmkuNiI3E\">sein Video <\/a>kann man im Internet anschauen. Eine Kandidatin will noch kommen. Auch von ihr gibt es dann ein Video.<br \/>\nW\u00e4hlen ist wichtig. Der Landrat bestimmt viele Dinge im Landkreis Marburg-Biedenkopf. Bundestag und Landtag entscheiden \u00fcber die Politik in Deutschland und in Hessen.<br \/>\nW\u00e4hlen d\u00fcrfen nur Erwachsene. Sie m\u00fcssen auch Deutsche sein. Ausl\u00e4nder und Kinder k\u00f6nnen leider nicht mitentscheiden. * Franz-Josef Hanke<br \/>\n<a href=\"https:\/\/leichte.news\/audio\/15.mp3\"><img data-recalc-dims=\"1\" loading=\"lazy\" decoding=\"async\" src=\"https:\/\/i0.wp.com\/hoer.leichte.news\/play.jpg?resize=20%2C20\" alt=\"Abspielen\" width=\"20\" height=\"20\" \/><\/a><br \/>\nM\u00f6chtest Du diesen Text h\u00f6ren? Du kannst Ihn Dir hier auch <a href=\"https:\/\/leichte.news\/audio\/15.mp3\">vorlesen<\/a> lassen.<img data-recalc-dims=\"1\" decoding=\"async\" src=\"https:\/\/i0.wp.com\/marburg.news\/bilder\/fruendt8-13.jpg?w=530\" alt=\"Kirsten Fr\u00fcndt trat f\u00fcr die SPD bei der Landratswahl an. (Foto: Naomi Fenner) \" \/><\/p>\n","protected":false},"excerpt":{"rendered":"<p>Kirsten Fr\u00fcndt und Marian Zachow k\u00f6nnen Landrat werden. Im ersten Anlauf haben sie die meisten Stimmen bekommen. Die Bewohner im Landkreis haben dar\u00fcber am 8. September abgestimmt.<\/p>\n","protected":false},"author":1,"featured_media":0,"comment_status":"closed","ping_status":"open","sticky":false,"template":"","format":"standard","meta":{"jetpack_post_was_ever_published":false,"_jetpack_newsletter_access":"","_jetpack_dont_email_post_to_subs":true,"_jetpack_newsletter_tier_id":0,"_jetpack_memberships_contains_paywalled_content":false,"_jetpack_memberships_contains_paid_content":false,"footnotes":"","jetpack_publicize_message":"","jetpack_publicize_feature_enabled":true,"jetpack_social_post_already_shared":true,"jetpack_social_options":{"image_generator_settings":{"template":"highway","default_image_id":0,"font":"","enabled":false},"version":2}},"categories":[2],"tags":[36,37,41],"class_list":["post-73","post","type-post","status-publish","format-standard","hentry","category-politik","tag-landkreis","tag-landrat","tag-wahlen"],"jetpack_publicize_connections":[],"jetpack_featured_media_url":"","jetpack_sharing_enabled":true,"jetpack_shortlink":"https:\/\/wp.me\/p8mLFQ-1b","jetpack_likes_enabled":true,"_links":{"self":[{"href":"https:\/\/leichte.news\/index.php?rest_route=\/wp\/v2\/posts\/73","targetHints":{"allow":["GET"]}}],"collection":[{"href":"https:\/\/leichte.news\/index.php?rest_route=\/wp\/v2\/posts"}],"about":[{"href":"https:\/\/leichte.news\/index.php?rest_route=\/wp\/v2\/types\/post"}],"author":[{"embeddable":true,"href":"https:\/\/leichte.news\/index.php?rest_route=\/wp\/v2\/users\/1"}],"replies":[{"embeddable":true,"href":"https:\/\/leichte.news\/index.php?rest_route=%2Fwp%2Fv2%2Fcomments&post=73"}],"version-history":[{"count":2,"href":"https:\/\/leichte.news\/index.php?rest_route=\/wp\/v2\/posts\/73\/revisions"}],"predecessor-version":[{"id":79,"href":"https:\/\/leichte.news\/index.php?rest_route=\/wp\/v2\/posts\/73\/revisions\/79"}],"wp:attachment":[{"href":"https:\/\/leichte.news\/index.php?rest_route=%2Fwp%2Fv2%2Fmedia&parent=73"}],"wp:term":[{"taxonomy":"category","embeddable":true,"href":"https:\/\/leichte.news\/index.php?rest_route=%2Fwp%2Fv2%2Fcategories&post=73"},{"taxonomy":"post_tag","embeddable":true,"href":"https:\/\/leichte.news\/index.php?rest_route=%2Fwp%2Fv2%2Ftags&post=73"}],"curies":[{"name":"wp","href":"https:\/\/api.w.org\/{rel}","templated":true}]}}