{"id":715,"date":"2025-08-23T20:26:59","date_gmt":"2025-08-23T18:26:59","guid":{"rendered":"http:\/\/leichte.news\/?p=715"},"modified":"2025-08-23T20:30:09","modified_gmt":"2025-08-23T18:30:09","slug":"ermordet-333-schicksale-aus-marburg","status":"publish","type":"post","link":"https:\/\/leichte.news\/?p=715","title":{"rendered":"Ermordet: 333 Schicksale aus Marburg"},"content":{"rendered":"<p>Eine Ausstellung \u00fcber &#8222;Euthanasie&#8220; wurde am 22. August in Marburg er\u00f6ffnet. Bis zum 30. Oktober ist sie im katholischen Begegnungshaus &#8222;KA.RE.&#8220; zu sehen.<br \/>\n<!--more--><br \/>\nDer Andrang zur Er\u00f6ffnung war gro\u00df. Die 70 Pl\u00e4tze reichten nicht aus. Mehrere Interessierte mussten stehen.<br \/>\nDie Ausstellung hei\u00dft &#8222;Verfolgung behinderter Menschen im Nationalsozialismus&#8220;. Sie behandelt die &#8222;Euthanasie&#8220;. Mehr als 300.000 Behinderte wurden in den Jahren von 1933 bis 1945 ermordet.<br \/>\nDarunter waren auch 333 Menschen aus Marburg. Auch ihre Geschichten kann man in der Ausstellung erfahren. Die Arbeitsgruppe &#8222;Menschenbild Behinderter Gestern und Heute&#8220; im &#8222;Marburger Netzwerk f\u00fcr Demokratie und gegen Rechtsextremismus&#8220; hat diese Infos gesammelt.<br \/>\nAu\u00dferdem hat Bernd G\u00f6keler noch eine Wanderausstellung \u00fcber Morde an Kranken und Behinderten aus Berlin nach Marburg geholt. Dazu kommen die Geschichten aus Marburg. Obberb\u00fcrgermeister Dr. Thomas Spies findet diese Infos besonders wichtig.<br \/>\nDr. Wolfgang Form hat die Ausstellung kurz erkl\u00e4rt. &#8222;Die Euthanasie ist nicht vom Himmel gefallen&#8220;, berichtete er. Alle Marburger Stadtteile waren davon betroffen. \u00dcberall wurden behinderte oder kranke Kinder und Erwachsene abgeholt. Ermordet wurden sie dann in Hadamar.<br \/>\nAu\u00dferdem wurden behinderte und kranke Menschen sterilisiert. Daf\u00fcr war das &#8222;Erbgesundheitsgericht&#8220; an der Universit\u00e4tsstra\u00dfe verantwortlich. All das haben die meisten Menschen in Marburg mitbekommen.<br \/>\nAn die Marburger &#8222;Euthanasie&#8220;-Opfer erinnern die &#8222;Steine gegen das Vergessen&#8220;. F\u00fcr jedes Opfer wird der Namenszug mit Geburtsdatum und dem Tag der Ermordung auf einem Backstein angebracht. &#8222;Die Steine sind zwar alle ungef\u00e4hr gleich gro\u00df&#8220;, meinte G\u00f6keler. Sie haben aber alle eine unterschiedliche Form.<\/p>\n<p>* Franz-Josef Hanke<\/p>\n","protected":false},"excerpt":{"rendered":"<p>Eine Ausstellung \u00fcber &#8222;Euthanasie&#8220; wurde am 22. August in Marburg er\u00f6ffnet. Bis zum 30. Oktober ist sie im katholischen Begegnungshaus &#8222;KA.RE.&#8220; zu sehen.<\/p>\n","protected":false},"author":1,"featured_media":0,"comment_status":"open","ping_status":"open","sticky":false,"template":"","format":"standard","meta":{"jetpack_post_was_ever_published":false,"_jetpack_newsletter_access":"","_jetpack_dont_email_post_to_subs":false,"_jetpack_newsletter_tier_id":0,"_jetpack_memberships_contains_paywalled_content":false,"_jetpack_memberships_contains_paid_content":false,"footnotes":"","jetpack_publicize_message":"","jetpack_publicize_feature_enabled":true,"jetpack_social_post_already_shared":true,"jetpack_social_options":{"image_generator_settings":{"template":"highway","default_image_id":0,"font":"","enabled":false},"version":2}},"categories":[5,3,2,4],"tags":[],"class_list":["post-715","post","type-post","status-publish","format-standard","hentry","category-bildung","category-kultur","category-politik","category-soziales"],"jetpack_publicize_connections":[],"jetpack_featured_media_url":"","jetpack_sharing_enabled":true,"jetpack_shortlink":"https:\/\/wp.me\/p8mLFQ-bx","jetpack_likes_enabled":true,"_links":{"self":[{"href":"https:\/\/leichte.news\/index.php?rest_route=\/wp\/v2\/posts\/715","targetHints":{"allow":["GET"]}}],"collection":[{"href":"https:\/\/leichte.news\/index.php?rest_route=\/wp\/v2\/posts"}],"about":[{"href":"https:\/\/leichte.news\/index.php?rest_route=\/wp\/v2\/types\/post"}],"author":[{"embeddable":true,"href":"https:\/\/leichte.news\/index.php?rest_route=\/wp\/v2\/users\/1"}],"replies":[{"embeddable":true,"href":"https:\/\/leichte.news\/index.php?rest_route=%2Fwp%2Fv2%2Fcomments&post=715"}],"version-history":[{"count":1,"href":"https:\/\/leichte.news\/index.php?rest_route=\/wp\/v2\/posts\/715\/revisions"}],"predecessor-version":[{"id":716,"href":"https:\/\/leichte.news\/index.php?rest_route=\/wp\/v2\/posts\/715\/revisions\/716"}],"wp:attachment":[{"href":"https:\/\/leichte.news\/index.php?rest_route=%2Fwp%2Fv2%2Fmedia&parent=715"}],"wp:term":[{"taxonomy":"category","embeddable":true,"href":"https:\/\/leichte.news\/index.php?rest_route=%2Fwp%2Fv2%2Fcategories&post=715"},{"taxonomy":"post_tag","embeddable":true,"href":"https:\/\/leichte.news\/index.php?rest_route=%2Fwp%2Fv2%2Ftags&post=715"}],"curies":[{"name":"wp","href":"https:\/\/api.w.org\/{rel}","templated":true}]}}