{"id":685,"date":"2025-02-02T19:45:00","date_gmt":"2025-02-02T18:45:00","guid":{"rendered":"http:\/\/leichte.news\/?p=685"},"modified":"2025-02-05T11:33:20","modified_gmt":"2025-02-05T10:33:20","slug":"alexander-keller-fdp-politiker-will-in-den-bundestag","status":"publish","type":"post","link":"https:\/\/leichte.news\/?p=685","title":{"rendered":"Alexander Keller: FDP-Politiker will in den Bundestag"},"content":{"rendered":"<p>Alexander Keller will gerne in den Bundestag. Er ist in der FDP. <!--more--><br \/>\nGeboren wurde Alexander Keller im Jahr 2000 in der N\u00e4he von Aachen. 2021 kam er zum Studium nach Marburg. Kurz davor war er zur FDP gegangen. F\u00fcr sie ist er auch Direktkandidat im Wahlkreis 170.<br \/>\n&#8222;Die FDP trifft meine pers\u00f6nlichen Einstellungen am besten&#8220;, sagt er. 2023 w\u00e4hlten die Jungen Liberalen in Marburg ihn zu ihrem Kreisvorsitzenden. Jetzt ist Alexander Keller der j\u00fcngste Direktkandidat in Marburg.<br \/>\nDie Rente will er auch mit Aktien finanzieren. Dabei geht es ihm um Generationengerechtigkeit. Das Alter f\u00fcr die Rente soll flexibler sein.<br \/>\nSubventionen will Keller auf den Pr\u00fcfstand stellen. Von einer Verm\u00f6genssteuer f\u00fcr Reiche h\u00e4lt er wenig. Aber der Staat soll die Steuern wirksamer eintreiben.<br \/>\nDieses Geld k\u00f6nnte dann auch an die Bundeswehr flie\u00dfen. Deutschland muss dringend verteidigungsf\u00e4hig werden. Das hat der russische Angriff auf die Ukraine deutlich gezeigt.<br \/>\n&#8222;Klimaschutz muss effektiv und innovationsgetrieben sein&#8220;, fordert Keller. Zertifikate sollen den CO2-Aussto\u00df senken. Der Markt soll das regeln, meint er.<br \/>\nDas Tierwohl liegt Keller ganz besonders am Herzen. Darum lebt er vegan. Das m\u00f6chte er aber niemandem vorschreiben.<br \/>\nDie Freiheit der Menschen ist ihm sehr wichtig. &#8222;Diese Freiheit ist in Gefahr&#8220;, warnt er. &#8222;Demokratinnen und Demokraten sollten zusammenstehen und Angriffe auf die Demokratie gemeinsam abwehren.<\/p>\n<p>* Franz-Josef Hanke<br \/>\n<a href=\"https:\/\/leichte.news\/audio\/254.mp3\"><img data-recalc-dims=\"1\" loading=\"lazy\" decoding=\"async\" src=\"https:\/\/i0.wp.com\/hoer.leichte.news\/play.jpg?resize=20%2C20\" alt=\"Abspielen\" width=\"20\" height=\"20\"><\/a><br \/>\nM\u00f6chtest Du diesen Text h\u00f6ren? Du kannst Ihn Dir hier auch <a href=\"https:\/\/leichte.news\/audio\/254.mp3\">vorlesen<\/a> lassen.<\/p>\n","protected":false},"excerpt":{"rendered":"<p>Alexander Keller will gerne in den Bundestag. Er ist in der FDP.<\/p>\n","protected":false},"author":1,"featured_media":688,"comment_status":"closed","ping_status":"open","sticky":false,"template":"","format":"standard","meta":{"jetpack_post_was_ever_published":false,"_jetpack_newsletter_access":"","_jetpack_dont_email_post_to_subs":false,"_jetpack_newsletter_tier_id":0,"_jetpack_memberships_contains_paywalled_content":false,"_jetpack_memberships_contains_paid_content":false,"footnotes":"","jetpack_publicize_message":"","jetpack_publicize_feature_enabled":true,"jetpack_social_post_already_shared":true,"jetpack_social_options":{"image_generator_settings":{"template":"highway","default_image_id":0,"font":"","enabled":false},"version":2}},"categories":[2,4],"tags":[160,264,38],"class_list":["post-685","post","type-post","status-publish","format-standard","has-post-thumbnail","hentry","category-politik","category-soziales","tag-bundestag","tag-direktkandidat","tag-wahl"],"jetpack_publicize_connections":[],"jetpack_featured_media_url":"https:\/\/i0.wp.com\/leichte.news\/wp-content\/uploads\/2025\/02\/IMG_0869.jpg?fit=4000%2C2667&ssl=1","jetpack_sharing_enabled":true,"jetpack_shortlink":"https:\/\/wp.me\/p8mLFQ-b3","jetpack_likes_enabled":true,"_links":{"self":[{"href":"https:\/\/leichte.news\/index.php?rest_route=\/wp\/v2\/posts\/685","targetHints":{"allow":["GET"]}}],"collection":[{"href":"https:\/\/leichte.news\/index.php?rest_route=\/wp\/v2\/posts"}],"about":[{"href":"https:\/\/leichte.news\/index.php?rest_route=\/wp\/v2\/types\/post"}],"author":[{"embeddable":true,"href":"https:\/\/leichte.news\/index.php?rest_route=\/wp\/v2\/users\/1"}],"replies":[{"embeddable":true,"href":"https:\/\/leichte.news\/index.php?rest_route=%2Fwp%2Fv2%2Fcomments&post=685"}],"version-history":[{"count":1,"href":"https:\/\/leichte.news\/index.php?rest_route=\/wp\/v2\/posts\/685\/revisions"}],"predecessor-version":[{"id":689,"href":"https:\/\/leichte.news\/index.php?rest_route=\/wp\/v2\/posts\/685\/revisions\/689"}],"wp:featuredmedia":[{"embeddable":true,"href":"https:\/\/leichte.news\/index.php?rest_route=\/wp\/v2\/media\/688"}],"wp:attachment":[{"href":"https:\/\/leichte.news\/index.php?rest_route=%2Fwp%2Fv2%2Fmedia&parent=685"}],"wp:term":[{"taxonomy":"category","embeddable":true,"href":"https:\/\/leichte.news\/index.php?rest_route=%2Fwp%2Fv2%2Fcategories&post=685"},{"taxonomy":"post_tag","embeddable":true,"href":"https:\/\/leichte.news\/index.php?rest_route=%2Fwp%2Fv2%2Ftags&post=685"}],"curies":[{"name":"wp","href":"https:\/\/api.w.org\/{rel}","templated":true}]}}