{"id":684,"date":"2025-01-31T10:37:16","date_gmt":"2025-01-31T09:37:16","guid":{"rendered":"http:\/\/leichte.news\/?p=684"},"modified":"2025-02-05T11:34:09","modified_gmt":"2025-02-05T10:34:09","slug":"dr-stefan-heck-cdu-politiker-will-im-bundestag-bleiben","status":"publish","type":"post","link":"https:\/\/leichte.news\/?p=684","title":{"rendered":"Dr. Stefan Heck: CDU-Politiker will im Bundestag bleiben"},"content":{"rendered":"<p>Dr. Stefan Heck will wieder in den Bundestag. Er ist in der CDU. <!--more--><br \/>\nSeit 2021 sitzt Stefan Heck im Deutschen Bundestag. Vorher war er von 2013 bis 2017 schon einmal im Parlament. Zwischendurch war er Staatssekret\u00e4r in Hessen. Zur Wahl am 23. Februar ist Heck Direktkandidat der CDU.<br \/>\n&#8222;Deutschland muss wieder wettbewerbsf\u00e4hig werden&#8220;, fordert Heck. Das B\u00fcrgergeld h\u00e4lt er f\u00fcr schwierig. Die Menschen sollten ihr Geld mit Arbeit verdienen.<br \/>\nAu\u00dferdem gibt es zu viel B\u00fcrokratie. Der Staat sollte mehr Geld in Bauprojekte stecken. Als Beispiel nennt Heck die &#8222;Hessenkaserne&#8220; in Stadtallendorf. Dort sollten alte Geb\u00e4ude schnell abgerissen und dann neue gebaut werden.<br \/>\nDie Bundeswehr sollte wieder st\u00e4rker werden. Der Angriff auf die Ukraine ist f\u00fcr Heck eine Warnung. Ohne milit\u00e4rische Macht n\u00fctzt Diplomatie nicht viel.<br \/>\nSt\u00e4rke fordert Heck auch in der Innenpolitik. &#8222;Es muss eine Wende in der Asylpolitik geben&#8220;, verlangt er. Straft\u00e4ter sollte man abschieben.<br \/>\nGeboren wurde Stefan Heck 1982 in Marburg. Aufgewachsen ist er in Mardorf. Von 2001 bis 2021 sa\u00df Heck in der Stadtverordnetenversammlung von Am\u00f6neburg. Von 2011 bis 2021 war er ihr Vorsteher.<br \/>\nVon 2006 bis 2021 sa\u00df Heck auch im Kreistag. Von 2013 bis 2019 war er Landesvorsitzender der Jungen Union Hessen. Im Bundestag ist er jetzt zust\u00e4ndig f\u00fcr Innenpolitik.<br \/>\nAuf einen Koalitionspartner m\u00f6chte sich Heck nicht festlegen. &#8222;\u00dcber m\u00f6gliche Koalitionen rede ich erst nach der Wahl&#8220;, erkl\u00e4rt er. &#8222;Eine Zusammenarbeit mit der AfD kommt aber auf keinen Fall in Frage.&#8220;<\/p>\n<p>* Franz-Josef Hanke<br \/>\n<a href=\"https:\/\/leichte.news\/audio\/253.mp3\"><img data-recalc-dims=\"1\" loading=\"lazy\" decoding=\"async\" src=\"https:\/\/i0.wp.com\/hoer.leichte.news\/play.jpg?resize=20%2C20\" alt=\"Abspielen\" width=\"20\" height=\"20\"><\/a><br \/>\nM\u00f6chtest Du diesen Text h\u00f6ren? Du kannst Ihn Dir hier auch <a href=\"https:\/\/leichte.news\/audio\/253.mp3\">vorlesen<\/a> lassen.<\/p>\n","protected":false},"excerpt":{"rendered":"<p>Dr. Stefan Heck will wieder in den Bundestag. Er ist in der CDU.<\/p>\n","protected":false},"author":1,"featured_media":690,"comment_status":"closed","ping_status":"open","sticky":false,"template":"","format":"standard","meta":{"jetpack_post_was_ever_published":false,"_jetpack_newsletter_access":"","_jetpack_dont_email_post_to_subs":false,"_jetpack_newsletter_tier_id":0,"_jetpack_memberships_contains_paywalled_content":false,"_jetpack_memberships_contains_paid_content":false,"footnotes":"","jetpack_publicize_message":"","jetpack_publicize_feature_enabled":true,"jetpack_social_post_already_shared":true,"jetpack_social_options":{"image_generator_settings":{"template":"highway","default_image_id":0,"font":"","enabled":false},"version":2}},"categories":[2,4],"tags":[160,264,38],"class_list":["post-684","post","type-post","status-publish","format-standard","has-post-thumbnail","hentry","category-politik","category-soziales","tag-bundestag","tag-direktkandidat","tag-wahl"],"jetpack_publicize_connections":[],"jetpack_featured_media_url":"https:\/\/i0.wp.com\/leichte.news\/wp-content\/uploads\/2025\/01\/Stefan-Heck_foto-tobias-koch.png?fit=3000%2C2001&ssl=1","jetpack_sharing_enabled":true,"jetpack_shortlink":"https:\/\/wp.me\/p8mLFQ-b2","jetpack_likes_enabled":true,"_links":{"self":[{"href":"https:\/\/leichte.news\/index.php?rest_route=\/wp\/v2\/posts\/684","targetHints":{"allow":["GET"]}}],"collection":[{"href":"https:\/\/leichte.news\/index.php?rest_route=\/wp\/v2\/posts"}],"about":[{"href":"https:\/\/leichte.news\/index.php?rest_route=\/wp\/v2\/types\/post"}],"author":[{"embeddable":true,"href":"https:\/\/leichte.news\/index.php?rest_route=\/wp\/v2\/users\/1"}],"replies":[{"embeddable":true,"href":"https:\/\/leichte.news\/index.php?rest_route=%2Fwp%2Fv2%2Fcomments&post=684"}],"version-history":[{"count":1,"href":"https:\/\/leichte.news\/index.php?rest_route=\/wp\/v2\/posts\/684\/revisions"}],"predecessor-version":[{"id":691,"href":"https:\/\/leichte.news\/index.php?rest_route=\/wp\/v2\/posts\/684\/revisions\/691"}],"wp:featuredmedia":[{"embeddable":true,"href":"https:\/\/leichte.news\/index.php?rest_route=\/wp\/v2\/media\/690"}],"wp:attachment":[{"href":"https:\/\/leichte.news\/index.php?rest_route=%2Fwp%2Fv2%2Fmedia&parent=684"}],"wp:term":[{"taxonomy":"category","embeddable":true,"href":"https:\/\/leichte.news\/index.php?rest_route=%2Fwp%2Fv2%2Fcategories&post=684"},{"taxonomy":"post_tag","embeddable":true,"href":"https:\/\/leichte.news\/index.php?rest_route=%2Fwp%2Fv2%2Ftags&post=684"}],"curies":[{"name":"wp","href":"https:\/\/api.w.org\/{rel}","templated":true}]}}