{"id":681,"date":"2025-01-31T10:28:24","date_gmt":"2025-01-31T09:28:24","guid":{"rendered":"http:\/\/leichte.news\/?p=681"},"modified":"2025-02-05T11:37:18","modified_gmt":"2025-02-05T10:37:18","slug":"andreas-may-gruener-will-in-den-bundestag","status":"publish","type":"post","link":"https:\/\/leichte.news\/?p=681","title":{"rendered":"Andreas May: Gr\u00fcner will in den Bundestag"},"content":{"rendered":"<p>Andreas May will gerne in den Bundestag. Er ist in der Partei &#8222;B\u00fcndnis 90\/Die Gr\u00fcnen&#8220;. <!--more--><br \/>\nGeboren wurde Andreas May 1998 im Taunus. Zum Studieren ist er nach Marburg gekommen. Er wollte Lehrer werden. Nach dem Examen hat er eine Doktorarbeit angefangen.<br \/>\nMay ist Direktkandidat im Wahlkreis 170. Er liebt die Natur. &#8222;Stundenlang kann ich \u00fcber Felder und Wiesen laufen&#8220;, berichtet er.<br \/>\nSeit 2019 ist er bei den Gr\u00fcnen. &#8222;Ich habe mich damals so machtlos gef\u00fchlt&#8220;, erkl\u00e4rt er. &#8222;Ich wollte nicht l\u00e4nger tatenlos zuschauen.&#8220;<br \/>\nWichtig sind ihm Klimaschutz und Soziale Gerechtigkeit. &#8222;Klimaschutz muss sozial sein&#8220;, fordert May. Seit 2021 sitzt er im Kreistag.<br \/>\nSeit 2022 ist May auch Kreisvorsitzender der Gr\u00fcnen. Er k\u00fcmmert sich um den l\u00e4ndlichen Raum. Wichtig sind gute Bus- und Bahnverbindungen. &#8222;Viele auf dem Land sind auf das Auto angewiesen&#8220;, erkl\u00e4rt er. &#8222;Aber l\u00e4ngst nicht alle k\u00f6nnen oder wollen Auto fahren.&#8220;<br \/>\nVon Marburg ist May nach Wetter umgezogen. Bezahlbarer Wohnraum ist ein wichtiges Thema. &#8222;Das Recht auf Wohnen ist ein Grundrecht&#8220;, erkl\u00e4rt er.<br \/>\nEin Herzensanliegen ist May der Einsatz f\u00fcr Tiere. &#8222;Es geht um einen grundlegenden Wandel im Umgang mit Tieren&#8220;<br \/>\nMay fordert mehr Sozale Gerechtigkeit. &#8222;Gesicherte Einkommen und ein bezahlbares Leben sind Voraussetzungen f\u00fcr alles Andere&#8220;, meint er. Darum m\u00f6chte er die Schuldenbremse \u00e4ndern und hohe Einkommen st\u00e4rker besteuern.<br \/>\nEr w\u00fcnscht sich eine hohe Beteiligung bei der Wahl. &#8222;Wir m\u00fcssen die Demokratie sch\u00fctzen&#8220;, betont May. &#8222;Sie ist die Voraussetzung f\u00fcr alles Andere.&#8220;<\/p>\n<p>* Franz-Josef Hanke<br \/>\n<a href=\"https:\/\/leichte.news\/audio\/250.mp3\"><img data-recalc-dims=\"1\" loading=\"lazy\" decoding=\"async\" src=\"https:\/\/i0.wp.com\/hoer.leichte.news\/play.jpg?resize=20%2C20\" alt=\"Abspielen\" width=\"20\" height=\"20\"><\/a><br \/>\nM\u00f6chtest Du diesen Text h\u00f6ren? Du kannst Ihn Dir hier auch <a href=\"https:\/\/leichte.news\/audio\/250.mp3\">vorlesen<\/a> lassen.<\/p>\n","protected":false},"excerpt":{"rendered":"<p>Andreas May will gerne in den Bundestag. Er ist in der Partei &#8222;B\u00fcndnis 90\/Die Gr\u00fcnen&#8220;.<\/p>\n","protected":false},"author":1,"featured_media":696,"comment_status":"closed","ping_status":"open","sticky":false,"template":"","format":"standard","meta":{"jetpack_post_was_ever_published":false,"_jetpack_newsletter_access":"","_jetpack_dont_email_post_to_subs":false,"_jetpack_newsletter_tier_id":0,"_jetpack_memberships_contains_paywalled_content":false,"_jetpack_memberships_contains_paid_content":false,"footnotes":"","jetpack_publicize_message":"","jetpack_publicize_feature_enabled":true,"jetpack_social_post_already_shared":true,"jetpack_social_options":{"image_generator_settings":{"template":"highway","default_image_id":0,"font":"","enabled":false},"version":2}},"categories":[2,4],"tags":[160,264,38],"class_list":["post-681","post","type-post","status-publish","format-standard","has-post-thumbnail","hentry","category-politik","category-soziales","tag-bundestag","tag-direktkandidat","tag-wahl"],"jetpack_publicize_connections":[],"jetpack_featured_media_url":"https:\/\/i0.wp.com\/leichte.news\/wp-content\/uploads\/2025\/01\/Andreas-May.png?fit=3372%2C3903&ssl=1","jetpack_sharing_enabled":true,"jetpack_shortlink":"https:\/\/wp.me\/p8mLFQ-aZ","jetpack_likes_enabled":true,"_links":{"self":[{"href":"https:\/\/leichte.news\/index.php?rest_route=\/wp\/v2\/posts\/681","targetHints":{"allow":["GET"]}}],"collection":[{"href":"https:\/\/leichte.news\/index.php?rest_route=\/wp\/v2\/posts"}],"about":[{"href":"https:\/\/leichte.news\/index.php?rest_route=\/wp\/v2\/types\/post"}],"author":[{"embeddable":true,"href":"https:\/\/leichte.news\/index.php?rest_route=\/wp\/v2\/users\/1"}],"replies":[{"embeddable":true,"href":"https:\/\/leichte.news\/index.php?rest_route=%2Fwp%2Fv2%2Fcomments&post=681"}],"version-history":[{"count":1,"href":"https:\/\/leichte.news\/index.php?rest_route=\/wp\/v2\/posts\/681\/revisions"}],"predecessor-version":[{"id":697,"href":"https:\/\/leichte.news\/index.php?rest_route=\/wp\/v2\/posts\/681\/revisions\/697"}],"wp:featuredmedia":[{"embeddable":true,"href":"https:\/\/leichte.news\/index.php?rest_route=\/wp\/v2\/media\/696"}],"wp:attachment":[{"href":"https:\/\/leichte.news\/index.php?rest_route=%2Fwp%2Fv2%2Fmedia&parent=681"}],"wp:term":[{"taxonomy":"category","embeddable":true,"href":"https:\/\/leichte.news\/index.php?rest_route=%2Fwp%2Fv2%2Fcategories&post=681"},{"taxonomy":"post_tag","embeddable":true,"href":"https:\/\/leichte.news\/index.php?rest_route=%2Fwp%2Fv2%2Ftags&post=681"}],"curies":[{"name":"wp","href":"https:\/\/api.w.org\/{rel}","templated":true}]}}