{"id":680,"date":"2025-01-16T15:06:55","date_gmt":"2025-01-16T14:06:55","guid":{"rendered":"http:\/\/leichte.news\/?p=680"},"modified":"2025-01-16T15:06:55","modified_gmt":"2025-01-16T14:06:55","slug":"demokratie-schuetzen-eine-broschuere-in-leichter-sprache-warnt-vor-rechtspopulismus","status":"publish","type":"post","link":"https:\/\/leichte.news\/?p=680","title":{"rendered":"Demokratie sch\u00fctzen: Eine Brosch\u00fcre in Leichter Sprache warnt vor Rechtspopulismus"},"content":{"rendered":"<p>Eine neue Brosch\u00fcre in Leichter Sprache erscheint zur Bundestagswahl. Sie hei\u00dft &#8222;Demokratie sch\u00fctzen &#8211; Gef\u00e4hrliche politische Ideen erkennen&#8220;. <!--more--><br \/>\nDie Lebenshilfe und der Verein &#8222;Tadel Verpflichtet!&#8220; haben dieses Heft gemacht. Sie warnen darin vor &#8222;Rechtspopulisten&#8220;. So nennt man gef\u00e4hrliche Betr\u00fcger in der Politik.<br \/>\nSolche Betr\u00fcger sind in der AfD. Diese Partei hat etwas gegen Ausl\u00e4nder. Sie erz\u00e4hlt viele L\u00fcgen \u00fcber die Menschen aus anderen L\u00e4ndern.<br \/>\nF\u00fcr jedes Problem hat die AfD eine einfache L\u00f6sung. Das Leben ist aber oft sehr kompliziert. Doch das k\u00fcmmert die Rechtspopulisten nicht.<br \/>\nDie AfD mag auch keine Behinderten. Sie macht sich auch lustig \u00fcber Leichte Sprache. Das ist gemein!<br \/>\nDarum sollte niemand diese Partei w\u00e4hlen. Darum gibt es die neue Brosch\u00fcre. Sie kl\u00e4rt \u00fcber die L\u00fcgner vom rechten Rand auf.<\/p>\n<p>* Franz-Josef Hanke<br \/>\n<a href=\"https:\/\/leichte.news\/audio\/249.mp3\"><img data-recalc-dims=\"1\" loading=\"lazy\" decoding=\"async\" src=\"https:\/\/i0.wp.com\/hoer.leichte.news\/play.jpg?resize=20%2C20\" alt=\"Abspielen\" width=\"20\" height=\"20\" \/><\/a><br \/>\nM\u00f6chtest Du diesen Text h\u00f6ren? Du kannst Ihn Dir hier auch <a href=\"https:\/\/leichte.news\/audio\/249.mp3\">vorlesen<\/a> lassen.<\/p>\n","protected":false},"excerpt":{"rendered":"<p>Eine neue Brosch\u00fcre in Leichter Sprache erscheint zur Bundestagswahl. Sie hei\u00dft &#8222;Demokratie sch\u00fctzen &#8211; Gef\u00e4hrliche politische Ideen erkennen&#8220;.<\/p>\n","protected":false},"author":1,"featured_media":0,"comment_status":"closed","ping_status":"open","sticky":false,"template":"","format":"standard","meta":{"jetpack_post_was_ever_published":false,"_jetpack_newsletter_access":"","_jetpack_dont_email_post_to_subs":false,"_jetpack_newsletter_tier_id":0,"_jetpack_memberships_contains_paywalled_content":false,"_jetpack_memberships_contains_paid_content":false,"footnotes":"","jetpack_publicize_message":"","jetpack_publicize_feature_enabled":true,"jetpack_social_post_already_shared":true,"jetpack_social_options":{"image_generator_settings":{"template":"highway","default_image_id":0,"font":"","enabled":false},"version":2}},"categories":[2,4],"tags":[160,11,38],"class_list":["post-680","post","type-post","status-publish","format-standard","hentry","category-politik","category-soziales","tag-bundestag","tag-leichte-sprache","tag-wahl"],"jetpack_publicize_connections":[],"jetpack_featured_media_url":"","jetpack_sharing_enabled":true,"jetpack_shortlink":"https:\/\/wp.me\/p8mLFQ-aY","jetpack_likes_enabled":true,"_links":{"self":[{"href":"https:\/\/leichte.news\/index.php?rest_route=\/wp\/v2\/posts\/680","targetHints":{"allow":["GET"]}}],"collection":[{"href":"https:\/\/leichte.news\/index.php?rest_route=\/wp\/v2\/posts"}],"about":[{"href":"https:\/\/leichte.news\/index.php?rest_route=\/wp\/v2\/types\/post"}],"author":[{"embeddable":true,"href":"https:\/\/leichte.news\/index.php?rest_route=\/wp\/v2\/users\/1"}],"replies":[{"embeddable":true,"href":"https:\/\/leichte.news\/index.php?rest_route=%2Fwp%2Fv2%2Fcomments&post=680"}],"version-history":[{"count":0,"href":"https:\/\/leichte.news\/index.php?rest_route=\/wp\/v2\/posts\/680\/revisions"}],"wp:attachment":[{"href":"https:\/\/leichte.news\/index.php?rest_route=%2Fwp%2Fv2%2Fmedia&parent=680"}],"wp:term":[{"taxonomy":"category","embeddable":true,"href":"https:\/\/leichte.news\/index.php?rest_route=%2Fwp%2Fv2%2Fcategories&post=680"},{"taxonomy":"post_tag","embeddable":true,"href":"https:\/\/leichte.news\/index.php?rest_route=%2Fwp%2Fv2%2Ftags&post=680"}],"curies":[{"name":"wp","href":"https:\/\/api.w.org\/{rel}","templated":true}]}}