{"id":669,"date":"2024-08-21T12:50:00","date_gmt":"2024-08-21T10:50:00","guid":{"rendered":"http:\/\/leichte.news\/?p=669"},"modified":"2024-08-21T12:50:00","modified_gmt":"2024-08-21T10:50:00","slug":"ein-leben-fuer-juedisches-leben-amnon-orbach-ist-gestorben","status":"publish","type":"post","link":"https:\/\/leichte.news\/?p=669","title":{"rendered":"Ein Leben f\u00fcr J\u00fcdisches Leben: Amnon Orbach ist gestorben"},"content":{"rendered":"<p>Amnon Orbach ist tot. Er wurde 94 Jahre alt.<br \/>\n<!--more--><br \/>\n2022 hat Amnon Orbach das Marburger Leuchtfeuer bekommen. Die Feier war in der Synagoge an der Liebigstra\u00dfe. Orbach hat jahrelang f\u00fcr diese Synagoge gek\u00e4mpft.<br \/>\nOrbach wurde 1930 in Jerusalem geboren. 1982 kam er nach Marburg. Hier gr\u00fcndete er die J\u00fcdische Gemeinde wieder neu.<br \/>\nJahrzehntelang war Orbach ihr Vorsitzender. Zugleich war er gut befreundet mit Christen und Muslimen. Beim Schreiben der letzten Buchstaben der neuen Torarolle hat er sie und den Oberb\u00fcrggermeister Egon Vaupel eingebunden. Das gab es auf der ganzen Welt vorher noch nie.<br \/>\nWegen ihm geh\u00f6ren &#8222;j\u00fcdisches Leben und die Synagoge heute ebenso zu Marburg wie die Elisabethkirche und das Rathaus.&#8220; Das hat Vaupel bei der Preisverleihung am 22. Mai 2022 gesagt. Mit 94 Jahren ist Orbach am 18. August 2024 in Marburg gestorben.<\/p>\n<p>* Franz-Josef Hanke<br \/>\n<a href=\"https:\/\/leichte.news\/audio\/241.mp3\"><img data-recalc-dims=\"1\" loading=\"lazy\" decoding=\"async\" src=\"https:\/\/i0.wp.com\/hoer.leichte.news\/play.jpg?resize=20%2C20\" alt=\"Abspielen\" width=\"20\" height=\"20\" \/><\/a><br \/>\nM\u00f6chtest Du diesen Text h\u00f6ren? Du kannst Ihn Dir hier auch <a href=\"https:\/\/leichte.news\/audio\/241.mp3\">vorlesen<\/a> lassen.<\/p>\n","protected":false},"excerpt":{"rendered":"<p>Amnon Orbach ist tot. Er wurde 94 Jahre alt.<\/p>\n","protected":false},"author":1,"featured_media":0,"comment_status":"closed","ping_status":"open","sticky":false,"template":"","format":"standard","meta":{"jetpack_post_was_ever_published":false,"_jetpack_newsletter_access":"","_jetpack_dont_email_post_to_subs":false,"_jetpack_newsletter_tier_id":0,"_jetpack_memberships_contains_paywalled_content":false,"_jetpack_memberships_contains_paid_content":false,"footnotes":"","jetpack_publicize_message":"","jetpack_publicize_feature_enabled":true,"jetpack_social_post_already_shared":true,"jetpack_social_options":{"image_generator_settings":{"template":"highway","default_image_id":0,"font":"","enabled":false},"version":2}},"categories":[3,2,4],"tags":[324,325,326],"class_list":["post-669","post","type-post","status-publish","format-standard","hentry","category-kultur","category-politik","category-soziales","tag-amnon-orbach","tag-juedische-gemeinde","tag-trauer"],"jetpack_publicize_connections":[],"jetpack_featured_media_url":"","jetpack_sharing_enabled":true,"jetpack_shortlink":"https:\/\/wp.me\/p8mLFQ-aN","jetpack_likes_enabled":true,"_links":{"self":[{"href":"https:\/\/leichte.news\/index.php?rest_route=\/wp\/v2\/posts\/669","targetHints":{"allow":["GET"]}}],"collection":[{"href":"https:\/\/leichte.news\/index.php?rest_route=\/wp\/v2\/posts"}],"about":[{"href":"https:\/\/leichte.news\/index.php?rest_route=\/wp\/v2\/types\/post"}],"author":[{"embeddable":true,"href":"https:\/\/leichte.news\/index.php?rest_route=\/wp\/v2\/users\/1"}],"replies":[{"embeddable":true,"href":"https:\/\/leichte.news\/index.php?rest_route=%2Fwp%2Fv2%2Fcomments&post=669"}],"version-history":[{"count":0,"href":"https:\/\/leichte.news\/index.php?rest_route=\/wp\/v2\/posts\/669\/revisions"}],"wp:attachment":[{"href":"https:\/\/leichte.news\/index.php?rest_route=%2Fwp%2Fv2%2Fmedia&parent=669"}],"wp:term":[{"taxonomy":"category","embeddable":true,"href":"https:\/\/leichte.news\/index.php?rest_route=%2Fwp%2Fv2%2Fcategories&post=669"},{"taxonomy":"post_tag","embeddable":true,"href":"https:\/\/leichte.news\/index.php?rest_route=%2Fwp%2Fv2%2Ftags&post=669"}],"curies":[{"name":"wp","href":"https:\/\/api.w.org\/{rel}","templated":true}]}}