{"id":659,"date":"2024-06-10T12:37:37","date_gmt":"2024-06-10T10:37:37","guid":{"rendered":"http:\/\/leichte.news\/?p=659"},"modified":"2024-06-10T12:37:37","modified_gmt":"2024-06-10T10:37:37","slug":"marburg-hat-abgestimmt-move-35-ist-gescheitert","status":"publish","type":"post","link":"https:\/\/leichte.news\/?p=659","title":{"rendered":"Marburg hat abgestimmt: MoVe 35 ist gescheitert"},"content":{"rendered":"<p>Europa hat ein neues Parlament gew\u00e4hlt. Rechte Parteien haben dabei stark zugelegt. <!--more--><br \/>\nDie CDU ist in Deutschland st\u00e4rkste Kraft. Gleich danach kommt die AfD. Erst dahinter landen SPD und Gr\u00fcne. Das &#8222;B\u00fcndnis Sarah Wagenknecht&#8220; (BSW) hat mit 6,2 Prozent mehr Stimmen bekommen als die FDP.<br \/>\nIn Marburg ist das anders: Mit 22,36 Prozent wurden Die Gr\u00fcnen st\u00e4rkste Kraft. Auf Platz 2 kommt dann die CDU mit 20,44 Prozent. Dahinter folgt die SPD mit 15,99 Prozent.<br \/>\nErst auf dem vierten Platz kommt die AfD mit 7,49 Prozent. 6,68 Prozent erhielt Die Linke. Dahinter kommt &#8222;Volt&#8220; mit6,25 Prozent.<br \/>\nDie FDP verbuchte 4,89 Prozent. Dahinter rangiert das B\u00fcndnis Sarah Wagenknecht (BSW) mit 4,16 Prozent. Die PARTEI erhielt 1.126 Stimmen und damit 2,78 Prozent.<br \/>\nNeben der <a href=\"http:\/\/wahl.marburgviews.de\/2024\">Europa-Wahl<\/a> gab es am 9. Juni in Marburg noch einen B\u00fcrgerentscheid. Die Menschen durften \u00fcber ein Verkehrskonzept abstimmen. Die H\u00e4lfte der Autos sollte bis 2035 aus der Stadt verschwinden.<br \/>\n51,8 Prozent waren aber dageben. Nur 48,2 Prozent haben mit &#8222;Ja&#8220; gestimmt. Jetzt m\u00fcssen sich die Verkehrsplaner etwas Schlaueres \u00fcberlegen. Weniger werden m\u00fcssen die Autos n\u00e4mlich auf jeden Fall.<\/p>\n<p>* Franz-Josef Hanke<br \/>\n<a href=\"https:\/\/leichte.news\/audio\/237.mp3\"><img data-recalc-dims=\"1\" loading=\"lazy\" decoding=\"async\" src=\"https:\/\/i0.wp.com\/hoer.leichte.news\/play.jpg?resize=20%2C20\" alt=\"Abspielen\" width=\"20\" height=\"20\" \/><\/a><br \/>\nM\u00f6chtest Du diesen Text h\u00f6ren? Du kannst Ihn Dir hier auch <a href=\"https:\/\/leichte.news\/audio\/237.mp3\">vorlesen<\/a> lassen.<\/p>\n","protected":false},"excerpt":{"rendered":"<p>Europa hat ein neues Parlament gew\u00e4hlt. Rechte Parteien haben dabei stark zugelegt.<\/p>\n","protected":false},"author":1,"featured_media":0,"comment_status":"closed","ping_status":"open","sticky":false,"template":"","format":"standard","meta":{"jetpack_post_was_ever_published":false,"_jetpack_newsletter_access":"","_jetpack_dont_email_post_to_subs":false,"_jetpack_newsletter_tier_id":0,"_jetpack_memberships_contains_paywalled_content":false,"_jetpack_memberships_contains_paid_content":false,"footnotes":"","jetpack_publicize_message":"","jetpack_publicize_feature_enabled":true,"jetpack_social_post_already_shared":true,"jetpack_social_options":{"image_generator_settings":{"template":"highway","default_image_id":0,"font":"","enabled":false},"version":2}},"categories":[2,4],"tags":[319,320,38],"class_list":["post-659","post","type-post","status-publish","format-standard","hentry","category-politik","category-soziales","tag-abstimmung","tag-europa","tag-wahl"],"jetpack_publicize_connections":[],"jetpack_featured_media_url":"","jetpack_sharing_enabled":true,"jetpack_shortlink":"https:\/\/wp.me\/p8mLFQ-aD","jetpack_likes_enabled":true,"_links":{"self":[{"href":"https:\/\/leichte.news\/index.php?rest_route=\/wp\/v2\/posts\/659","targetHints":{"allow":["GET"]}}],"collection":[{"href":"https:\/\/leichte.news\/index.php?rest_route=\/wp\/v2\/posts"}],"about":[{"href":"https:\/\/leichte.news\/index.php?rest_route=\/wp\/v2\/types\/post"}],"author":[{"embeddable":true,"href":"https:\/\/leichte.news\/index.php?rest_route=\/wp\/v2\/users\/1"}],"replies":[{"embeddable":true,"href":"https:\/\/leichte.news\/index.php?rest_route=%2Fwp%2Fv2%2Fcomments&post=659"}],"version-history":[{"count":0,"href":"https:\/\/leichte.news\/index.php?rest_route=\/wp\/v2\/posts\/659\/revisions"}],"wp:attachment":[{"href":"https:\/\/leichte.news\/index.php?rest_route=%2Fwp%2Fv2%2Fmedia&parent=659"}],"wp:term":[{"taxonomy":"category","embeddable":true,"href":"https:\/\/leichte.news\/index.php?rest_route=%2Fwp%2Fv2%2Fcategories&post=659"},{"taxonomy":"post_tag","embeddable":true,"href":"https:\/\/leichte.news\/index.php?rest_route=%2Fwp%2Fv2%2Ftags&post=659"}],"curies":[{"name":"wp","href":"https:\/\/api.w.org\/{rel}","templated":true}]}}