{"id":655,"date":"2024-04-29T18:50:00","date_gmt":"2024-04-29T16:50:00","guid":{"rendered":"http:\/\/leichte.news\/?p=655"},"modified":"2024-04-29T18:50:00","modified_gmt":"2024-04-29T16:50:00","slug":"zum-protesttag-demo-und-aktionslesunb-in-marburg","status":"publish","type":"post","link":"https:\/\/leichte.news\/?p=655","title":{"rendered":"Zum Protesttag: Demo und Aktionslesunb in Marburg"},"content":{"rendered":"<p>Am 5. Mai ist der Europ\u00e4ische Protesttag zur Gleichstellung Behinderter. In Marburg war da einiges los. <!--more--><br \/>\nMehr als 200 Menschen haben am Samstag (27. April) vor der Vitos-Klinik demonstriert. Fr\u00fcher war dort eine &#8222;Heilanstalt&#8220;. Behinderte Menschen sind dort sterilisiert oder in die Gaskammer von Hadamar gebracht worden.<br \/>\nIn grauen Bussen wurden sie weggebracht. Die Nazis haben sie als &#8222;unn\u00fctze Esser&#8220; oder &#8222;lebensunwertes Leben&#8220; beschimpft. Das war vor ungef\u00e4hr 80 Jahren.<br \/>\nDaran wollte Bernd G\u00f6keler erinnern. Zusammen mit anderen hat er die Demo in Cappel organisiert. So etwas darf nie wieder passieren!<br \/>\n\u00dcber Werkst\u00e4tten f\u00fcr behinderte Menschen spricht Ottmar Miles-Paul am Donnerstag (2. Mai) im Vila Vita Hotel Rosenpark. Seine Aktionslesung &#8222;Z\u00fcndeln an den Strukturen&#8220; f\u00e4ngt dort um 19 Uhr an. Sabine Lohner liest einige Textst\u00fccke aus dem Krimi vor.<\/p>\n<p>* Franz-Josef Hanke<br \/>\n<a href=\"https:\/\/leichte.news\/audio\/233.mp3\"><img data-recalc-dims=\"1\" loading=\"lazy\" decoding=\"async\" src=\"https:\/\/i0.wp.com\/hoer.leichte.news\/play.jpg?resize=20%2C20\" alt=\"Abspielen\" width=\"20\" height=\"20\" \/><\/a><br \/>\nM\u00f6chtest Du diesen Text h\u00f6ren? Du kannst Ihn Dir hier auch <a href=\"https:\/\/leichte.news\/audio\/233.mp3\">vorlesen<\/a> lassen.<\/p>\n","protected":false},"excerpt":{"rendered":"<p>Am 5. Mai ist der Europ\u00e4ische Protesttag zur Gleichstellung Behinderter. In Marburg war da einiges los.<\/p>\n","protected":false},"author":1,"featured_media":0,"comment_status":"closed","ping_status":"open","sticky":false,"template":"","format":"standard","meta":{"jetpack_post_was_ever_published":false,"_jetpack_newsletter_access":"","_jetpack_dont_email_post_to_subs":false,"_jetpack_newsletter_tier_id":0,"_jetpack_memberships_contains_paywalled_content":false,"_jetpack_memberships_contains_paid_content":false,"footnotes":"","jetpack_publicize_message":"","jetpack_publicize_feature_enabled":true,"jetpack_social_post_already_shared":true,"jetpack_social_options":{"image_generator_settings":{"template":"highway","default_image_id":0,"font":"","enabled":false},"version":2}},"categories":[4],"tags":[316,202,317],"class_list":["post-655","post","type-post","status-publish","format-standard","hentry","category-soziales","tag-aktionslesung","tag-demo","tag-ottmar-miles-paul"],"jetpack_publicize_connections":[],"jetpack_featured_media_url":"","jetpack_sharing_enabled":true,"jetpack_shortlink":"https:\/\/wp.me\/p8mLFQ-az","jetpack_likes_enabled":true,"_links":{"self":[{"href":"https:\/\/leichte.news\/index.php?rest_route=\/wp\/v2\/posts\/655","targetHints":{"allow":["GET"]}}],"collection":[{"href":"https:\/\/leichte.news\/index.php?rest_route=\/wp\/v2\/posts"}],"about":[{"href":"https:\/\/leichte.news\/index.php?rest_route=\/wp\/v2\/types\/post"}],"author":[{"embeddable":true,"href":"https:\/\/leichte.news\/index.php?rest_route=\/wp\/v2\/users\/1"}],"replies":[{"embeddable":true,"href":"https:\/\/leichte.news\/index.php?rest_route=%2Fwp%2Fv2%2Fcomments&post=655"}],"version-history":[{"count":0,"href":"https:\/\/leichte.news\/index.php?rest_route=\/wp\/v2\/posts\/655\/revisions"}],"wp:attachment":[{"href":"https:\/\/leichte.news\/index.php?rest_route=%2Fwp%2Fv2%2Fmedia&parent=655"}],"wp:term":[{"taxonomy":"category","embeddable":true,"href":"https:\/\/leichte.news\/index.php?rest_route=%2Fwp%2Fv2%2Fcategories&post=655"},{"taxonomy":"post_tag","embeddable":true,"href":"https:\/\/leichte.news\/index.php?rest_route=%2Fwp%2Fv2%2Ftags&post=655"}],"curies":[{"name":"wp","href":"https:\/\/api.w.org\/{rel}","templated":true}]}}