{"id":649,"date":"2024-01-28T14:50:00","date_gmt":"2024-01-28T13:50:00","guid":{"rendered":"http:\/\/leichte.news\/?p=649"},"modified":"2024-02-08T12:40:17","modified_gmt":"2024-02-08T11:40:17","slug":"nie-wieder-16-000-menschen-demonstrierten-in-marburg","status":"publish","type":"post","link":"https:\/\/leichte.news\/?p=649","title":{"rendered":"Nie wieder: 16.000 Menschen demonstrierten in Marburg"},"content":{"rendered":"<p>16.000 Menschen haben am 27. Januar in Marburg demonstriert. Sie wollen Hass und Hetze nicht mehr hinnehmen. <!--more--><br \/>\nDie AfD und andere Rechtsextremisten wollen Millionen Menschen aus Deutschland abschieben. Dar\u00fcber haben sie bei einem heimlichen Treffen in Potsdam gesprochen. Diese Pl\u00e4ne sind gl\u00fccklicherweise aber bekannt geworden.<br \/>\nGegen diese Menschenverachtung haben Millionen Menschen in ganz Deutschland demonstriert. In Marburg sind gut 16.000 Demonstrierende zum Erwin-Piscator-Haus gekommen. Das war die gr\u00f6\u00dfte Demonstration in der Marburger Geschichte.<br \/>\nVom Cineplex am Rudolphsplatz bis zur Volkshochschule war die Biegenstra\u00dfe voll mit Menschen. &#8222;Wir sind mehr&#8220;, riefen sie laut. &#8222;Marburg gegen rechts&#8220; hie\u00df ihr Motto.<br \/>\nOberb\u00fcrgermeister Dr. Thomas Spies hat die erste Rede gehalten. &#8222;Nie wieder&#8220; sollen Faschisten in Deutschland regieren. Politik darf nicht b\u00f6se zu den Menschen sein.<br \/>\nDie beste Rede hielt Sylvie Cloutier vom Ausl\u00e4nderbeirat: &#8222;Ihr braucht uns doch&#8220;, sagte sie zu den Anwesenden. &#8222;Selbst die AfD braucht uns.&#8220; Sonst h\u00e4tte sie ja kein Feindbild mehr.<br \/>\nMichael Heiny von der Geschichtswerkstatt erinnerte an den 27. Januar 1945. An diesem Tag wurde das Konzentrationslager Auschwitz befreit. Auschwitz wurde das Symbol f\u00fcr die Verfolgung, Deportation und Ermordung von Menschen.<br \/>\nSo etwas darf nie wieder passieren. Da waren sich alle einig bei der gro\u00dfen Demonstration in Marburg. Zusammen mit Letso Rose Steinhoff sangen die 16.000 Menschen zum Abschluss die Lieder &#8222;Bella Ciao&#8220; und &#8222;We shall overcome&#8220;.<\/p>\n<p>* Franz-Josef Hanke<br \/>\n<a href=\"https:\/\/leichte.news\/audio\/229.mp3\"><img data-recalc-dims=\"1\" loading=\"lazy\" decoding=\"async\" src=\"https:\/\/i0.wp.com\/hoer.leichte.news\/play.jpg?resize=20%2C20\" alt=\"Abspielen\" width=\"20\" height=\"20\"><\/a><br \/>\nM\u00f6chtest Du diesen Text h\u00f6ren? Du kannst Ihn Dir hier auch <a href=\"https:\/\/leichte.news\/audio\/229.mp3\">vorlesen<\/a> lassen.<\/p>\n","protected":false},"excerpt":{"rendered":"<p>16.000 Menschen haben am 27. Januar in Marburg demonstriert. Sie wollen Hass und Hetze nicht mehr hinnehmen.<\/p>\n","protected":false},"author":1,"featured_media":650,"comment_status":"closed","ping_status":"open","sticky":false,"template":"","format":"standard","meta":{"jetpack_post_was_ever_published":false,"_jetpack_newsletter_access":"","_jetpack_dont_email_post_to_subs":false,"_jetpack_newsletter_tier_id":0,"_jetpack_memberships_contains_paywalled_content":false,"_jetpack_memberships_contains_paid_content":false,"footnotes":"","jetpack_publicize_message":"","jetpack_publicize_feature_enabled":true,"jetpack_social_post_already_shared":true,"jetpack_social_options":{"image_generator_settings":{"template":"highway","default_image_id":0,"font":"","enabled":false},"version":2}},"categories":[2,4],"tags":[213,311,312],"class_list":["post-649","post","type-post","status-publish","format-standard","has-post-thumbnail","hentry","category-politik","category-soziales","tag-afd","tag-demokratie","tag-demonstration"],"jetpack_publicize_connections":[],"jetpack_featured_media_url":"https:\/\/i0.wp.com\/leichte.news\/wp-content\/uploads\/2024\/01\/Demo-Marburg-225x300.jpg?fit=225%2C300&ssl=1","jetpack_sharing_enabled":true,"jetpack_shortlink":"https:\/\/wp.me\/p8mLFQ-at","jetpack_likes_enabled":true,"_links":{"self":[{"href":"https:\/\/leichte.news\/index.php?rest_route=\/wp\/v2\/posts\/649","targetHints":{"allow":["GET"]}}],"collection":[{"href":"https:\/\/leichte.news\/index.php?rest_route=\/wp\/v2\/posts"}],"about":[{"href":"https:\/\/leichte.news\/index.php?rest_route=\/wp\/v2\/types\/post"}],"author":[{"embeddable":true,"href":"https:\/\/leichte.news\/index.php?rest_route=\/wp\/v2\/users\/1"}],"replies":[{"embeddable":true,"href":"https:\/\/leichte.news\/index.php?rest_route=%2Fwp%2Fv2%2Fcomments&post=649"}],"version-history":[{"count":1,"href":"https:\/\/leichte.news\/index.php?rest_route=\/wp\/v2\/posts\/649\/revisions"}],"predecessor-version":[{"id":651,"href":"https:\/\/leichte.news\/index.php?rest_route=\/wp\/v2\/posts\/649\/revisions\/651"}],"wp:featuredmedia":[{"embeddable":true,"href":"https:\/\/leichte.news\/index.php?rest_route=\/wp\/v2\/media\/650"}],"wp:attachment":[{"href":"https:\/\/leichte.news\/index.php?rest_route=%2Fwp%2Fv2%2Fmedia&parent=649"}],"wp:term":[{"taxonomy":"category","embeddable":true,"href":"https:\/\/leichte.news\/index.php?rest_route=%2Fwp%2Fv2%2Fcategories&post=649"},{"taxonomy":"post_tag","embeddable":true,"href":"https:\/\/leichte.news\/index.php?rest_route=%2Fwp%2Fv2%2Ftags&post=649"}],"curies":[{"name":"wp","href":"https:\/\/api.w.org\/{rel}","templated":true}]}}