{"id":648,"date":"2023-12-31T14:50:00","date_gmt":"2023-12-31T13:50:00","guid":{"rendered":"http:\/\/leichte.news\/?p=648"},"modified":"2023-12-31T14:50:00","modified_gmt":"2023-12-31T13:50:00","slug":"2023-das-war-kein-gutes-jahr","status":"publish","type":"post","link":"https:\/\/leichte.news\/?p=648","title":{"rendered":"2023: Das war kein gutes Jahr"},"content":{"rendered":"<p>2023 war ein schlechtes Jahr. Viele Menschen hatten Angst vor Krieg und Gewalt. <!--more--><br \/>\nDer Krieg in der Ukraine geht weiter. Auch in Pal\u00e4stina gibt es seit dem 7. August einen Krieg. Terroristen haben in Israel ein Musikfestival \u00fcberfallen und viele Menschen ermordet oder als Geiseln genommen.<br \/>\nIhre Terrorganisation hei\u00dft &#8222;Hamas&#8220;. Die Armee von Israel k\u00e4mpft jetzt gegen die Hamas. Dabei wirft sie Bomben auf den Ghaza-Streifen. Das ist ein Gebiet gleich neben Israel.<br \/>\nIn Marburg sind viele Menschen entsetzt. Pal\u00e4stinenser unterst\u00fctzen auch in Deutschland die Hamas. Juden haben jetzt auch in Marburg Angst vor Angriffen.<br \/>\nAm 8. Oktober hat Hessen einen neuen Landtag gew\u00e4hlt <a href=\"https:\/\/leichte.news\/?p=633\">Dirk Bamberger bleibt Landtagsabgeordneter f\u00fcr Marburg<\/a>. <a href=\"https:\/\/leichte.news\/?p=628\">Jan Schalauske<\/a> und die Linke wurden nicht mehr wiedergew\u00e4hlt.<br \/>\nEin B\u00fcrgerbegehren gegen &#8222;MoVe 35&#8220; ist gescheitert. &#8222;MoVe 35&#8220; ist das Mobilit\u00e4ts- und Verkehrskonzept f\u00fcr Marburg. Es soll den Autoverkehr begrenzen. \u00dcber diese Pl\u00e4ne m\u00f6chte Oberb\u00fcrgermeister Dr. Thomas Spies am 9. Juni 2024 abstimmen lassen.<br \/>\nBundeskanzler <a href=\"https:\/\/leichte.news\/?p=601\">Olaf Scholz hat Marburg besucht<\/a>. Am 2. Februar hat der mit dem KiJuPa gesprochen. Das ist das Marburger &#8222;Kinder- und Jugendparlament&#8220;.<br \/>\nWas brauchen behinderte Jugendliche? Das wollte die Stadt wissen. Darum hat sie <a href=\"https:\/\/leichte.news\/?p=624\">behinderte Jugendliche befragt<\/a>. Am Ende brauchen sie aber fast genau das Gleiche wie andere Jugendliche.<br \/>\nJunge Leute mit Eltern aus anderen L\u00e4ndern haben es oft schwer. Gegen Bildung ohne Rassismus k\u00e4mpft Serpil Unvar. Daf\u00fcr hat die Mutter von Ferhat Unvar das <a href=\"https:\/\/leichte.news\/?p=626\">Marburger Leuchtfeuer 2023<\/a> bekommen. Mit der &#8222;Bildungsinitiative Ferhat Unvar&#8220; erinnert sie an ihren Sohn Ferhat. Am 19. Februar 2020 hat ein Rassist ihn und acht weitere junge Leute in Hanau erschossen.<br \/>\n&#8222;Wir brauchen Blindenschulen.&#8220; Das ist das Ergebnis von einer <a href=\"https:\/\/leichte.news\/?p=627\">Tagung in Marburg<\/a>. Vom 31. Juli bis zum 4. August haben sich in der BliStA Lehrer und Erzieher aus ganz Deutschland getroffen. Eine gute Bildung f\u00fcr blinde Kinder stand dabei im Mittelpunkt.<br \/>\nAuch die <a href=\"https:\/\/leichte.news\/?p=631\">Lebenshilfe hat sich in Marburg getroffen<\/a>. Rund 350 Menschen waren ins Erwin-Piscator-Haus (EPH) gekommen. Sie haben die &#8222;Selbstvertretung&#8220; von Menschen mit Behinderungen gefordert.<\/p>\n<p>* Franz-Josef Hanke<br \/>\n<a href=\"https:\/\/leichte.news\/audio\/228.mp3\"><img data-recalc-dims=\"1\" loading=\"lazy\" decoding=\"async\" src=\"https:\/\/i0.wp.com\/hoer.leichte.news\/play.jpg?resize=20%2C20\" alt=\"Abspielen\" width=\"20\" height=\"20\" \/><\/a><br \/>\nM\u00f6chtest Du diesen Text h\u00f6ren? Du kannst Ihn Dir hier auch <a href=\"https:\/\/leichte.news\/audio\/228.mp3\">vorlesen<\/a> lassen.<\/p>\n","protected":false},"excerpt":{"rendered":"<p>2023 war ein schlechtes Jahr. Viele Menschen hatten Angst vor Krieg und Gewalt.<\/p>\n","protected":false},"author":1,"featured_media":0,"comment_status":"closed","ping_status":"open","sticky":false,"template":"","format":"standard","meta":{"jetpack_post_was_ever_published":false,"_jetpack_newsletter_access":"","_jetpack_dont_email_post_to_subs":false,"_jetpack_newsletter_tier_id":0,"_jetpack_memberships_contains_paywalled_content":false,"_jetpack_memberships_contains_paid_content":false,"footnotes":"","jetpack_publicize_message":"","jetpack_publicize_feature_enabled":true,"jetpack_social_post_already_shared":true,"jetpack_social_options":{"image_generator_settings":{"template":"highway","default_image_id":0,"font":"","enabled":false},"version":2}},"categories":[2,4],"tags":[53,309,310],"class_list":["post-648","post","type-post","status-publish","format-standard","hentry","category-politik","category-soziales","tag-behinderte","tag-jahr-2023","tag-jugendliche"],"jetpack_publicize_connections":[],"jetpack_featured_media_url":"","jetpack_sharing_enabled":true,"jetpack_shortlink":"https:\/\/wp.me\/p8mLFQ-as","jetpack_likes_enabled":true,"_links":{"self":[{"href":"https:\/\/leichte.news\/index.php?rest_route=\/wp\/v2\/posts\/648","targetHints":{"allow":["GET"]}}],"collection":[{"href":"https:\/\/leichte.news\/index.php?rest_route=\/wp\/v2\/posts"}],"about":[{"href":"https:\/\/leichte.news\/index.php?rest_route=\/wp\/v2\/types\/post"}],"author":[{"embeddable":true,"href":"https:\/\/leichte.news\/index.php?rest_route=\/wp\/v2\/users\/1"}],"replies":[{"embeddable":true,"href":"https:\/\/leichte.news\/index.php?rest_route=%2Fwp%2Fv2%2Fcomments&post=648"}],"version-history":[{"count":0,"href":"https:\/\/leichte.news\/index.php?rest_route=\/wp\/v2\/posts\/648\/revisions"}],"wp:attachment":[{"href":"https:\/\/leichte.news\/index.php?rest_route=%2Fwp%2Fv2%2Fmedia&parent=648"}],"wp:term":[{"taxonomy":"category","embeddable":true,"href":"https:\/\/leichte.news\/index.php?rest_route=%2Fwp%2Fv2%2Fcategories&post=648"},{"taxonomy":"post_tag","embeddable":true,"href":"https:\/\/leichte.news\/index.php?rest_route=%2Fwp%2Fv2%2Ftags&post=648"}],"curies":[{"name":"wp","href":"https:\/\/api.w.org\/{rel}","templated":true}]}}