{"id":633,"date":"2023-10-09T14:50:00","date_gmt":"2023-10-09T12:50:00","guid":{"rendered":"http:\/\/leichte.news\/?p=633"},"modified":"2023-11-03T10:48:23","modified_gmt":"2023-11-03T09:48:23","slug":"bamberger-bleibt-cdu-mann-gewann-landtagswahl","status":"publish","type":"post","link":"https:\/\/leichte.news\/?p=633","title":{"rendered":"Bamberger bleibt: CDU-Mann gewann Landtagswahl"},"content":{"rendered":"<p>Dirk Bamberger bleibt im Landtag. Er hat den Wahlkreis 13 direkt gewonnen. <!--more--><br \/>\nIn diesem Wahlkreis standen <a href=\"http:\/\/wahl.marburgviews.de\/2023\">zwei Frauen und sieben M\u00e4nner zur Wahl<\/a>. Gew\u00e4hlt wurde <a href=\"https:\/\/leichte.news\/?p=312\">Dirk Bamberger von der CDU<\/a>. Er erhielt 31,4 Prozent.<br \/>\nAuf den zweiten Platz kam Sebastian Sack von der SPD. Der Lehrer aus Momberg erhielt 22,4 Prozent. Dahinter landete die Ministerin Angela Dorn von den Gr\u00fcnen mit 17,7 Prozent.<br \/>\nPlatz 4 gewann Pascal Schleich von der AfD. 14 Prozent haben ihm ihre Stimme gegeben. Dahinter landete Jan Schalauske von den Linken mit 6,8 Prozent.<br \/>\nDen sechsten Platz erreichte Lisa Dei\u00dfler von der FDP. Sie hat 3,2 Prozent gekommen. Auf Platz 7 kommt 6. G\u00f6khan \u00d6zdemir von den Freien W\u00e4hlern mit 2,6 Prozent.<br \/>\nVorletzter wurde Sebastian H\u00f6rner. F\u00fcr Die Partei erreichte er 1,5 Prozent. Letzter ist Dr. Frank Michler von der &#8222;B\u00fcrgerliste Weiterdenken&#8220;. Er musste mit 0,3 Prozent zufrieden sein.<br \/>\nDie Wahlbeteiligung lag bei 66,2 Prozent. Bei den Landtagswahlen in Hessen und Bayern wurde die AfD zweitst\u00e4rkste Partei. Das finden viele Menschen nicht gut.<\/p>\n<p>* Franz-Josef Hanke<br \/>\n<a href=\"https:\/\/leichte.news\/audio\/227.mp3\"><img data-recalc-dims=\"1\" loading=\"lazy\" decoding=\"async\" src=\"https:\/\/i0.wp.com\/hoer.leichte.news\/play.jpg?resize=20%2C20\" alt=\"Abspielen\" width=\"20\" height=\"20\"><\/a><br \/>\nM\u00f6chtest Du diesen Text h\u00f6ren? Du kannst Ihn Dir hier auch <a href=\"https:\/\/leichte.news\/audio\/227.mp3\">vorlesen<\/a> lassen.<\/p>\n","protected":false},"excerpt":{"rendered":"<p>Dirk Bamberger bleibt im Landtag. Er hat den Wahlkreis 13 direkt gewonnen.<\/p>\n","protected":false},"author":1,"featured_media":456,"comment_status":"closed","ping_status":"open","sticky":false,"template":"","format":"standard","meta":{"jetpack_post_was_ever_published":false,"_jetpack_newsletter_access":"","_jetpack_dont_email_post_to_subs":false,"_jetpack_newsletter_tier_id":0,"_jetpack_memberships_contains_paywalled_content":false,"_jetpack_memberships_contains_paid_content":false,"footnotes":"","jetpack_publicize_message":"","jetpack_publicize_feature_enabled":true,"jetpack_social_post_already_shared":true,"jetpack_social_options":{"image_generator_settings":{"template":"highway","default_image_id":0,"font":"","enabled":false},"version":2}},"categories":[2],"tags":[209,203,38],"class_list":["post-633","post","type-post","status-publish","format-standard","has-post-thumbnail","hentry","category-politik","tag-bamberger","tag-landtag","tag-wahl"],"jetpack_publicize_connections":[],"jetpack_featured_media_url":"https:\/\/i0.wp.com\/leichte.news\/wp-content\/uploads\/2021\/02\/dirk-bamberger.jpg?fit=6720%2C4480&ssl=1","jetpack_sharing_enabled":true,"jetpack_shortlink":"https:\/\/wp.me\/p8mLFQ-ad","jetpack_likes_enabled":true,"_links":{"self":[{"href":"https:\/\/leichte.news\/index.php?rest_route=\/wp\/v2\/posts\/633","targetHints":{"allow":["GET"]}}],"collection":[{"href":"https:\/\/leichte.news\/index.php?rest_route=\/wp\/v2\/posts"}],"about":[{"href":"https:\/\/leichte.news\/index.php?rest_route=\/wp\/v2\/types\/post"}],"author":[{"embeddable":true,"href":"https:\/\/leichte.news\/index.php?rest_route=\/wp\/v2\/users\/1"}],"replies":[{"embeddable":true,"href":"https:\/\/leichte.news\/index.php?rest_route=%2Fwp%2Fv2%2Fcomments&post=633"}],"version-history":[{"count":1,"href":"https:\/\/leichte.news\/index.php?rest_route=\/wp\/v2\/posts\/633\/revisions"}],"predecessor-version":[{"id":637,"href":"https:\/\/leichte.news\/index.php?rest_route=\/wp\/v2\/posts\/633\/revisions\/637"}],"wp:featuredmedia":[{"embeddable":true,"href":"https:\/\/leichte.news\/index.php?rest_route=\/wp\/v2\/media\/456"}],"wp:attachment":[{"href":"https:\/\/leichte.news\/index.php?rest_route=%2Fwp%2Fv2%2Fmedia&parent=633"}],"wp:term":[{"taxonomy":"category","embeddable":true,"href":"https:\/\/leichte.news\/index.php?rest_route=%2Fwp%2Fv2%2Fcategories&post=633"},{"taxonomy":"post_tag","embeddable":true,"href":"https:\/\/leichte.news\/index.php?rest_route=%2Fwp%2Fv2%2Ftags&post=633"}],"curies":[{"name":"wp","href":"https:\/\/api.w.org\/{rel}","templated":true}]}}