{"id":624,"date":"2023-06-23T12:47:52","date_gmt":"2023-06-23T10:47:52","guid":{"rendered":"http:\/\/leichte.news\/?p=624"},"modified":"2023-06-23T12:52:25","modified_gmt":"2023-06-23T10:52:25","slug":"alle-dabei-stadt-befragt-behinderte-jugendliche","status":"publish","type":"post","link":"https:\/\/leichte.news\/?p=624","title":{"rendered":"Alle dabei: Stadt befragt behinderte Jugendliche"},"content":{"rendered":"<p>Was brauchen behinderte Jugendliche in der Freizeit? Das will die Stadt Marburg wissen.<br \/>\n<!--more>\nDarum fragt sie junge Leute mit einer Behinderung: Was machen sie in ihrer Freizeit? Was brauchen sie daf\u00fcr? Was w\u00fcnschen sie sich?\nDie Umfrage tr\u00e4gt den Titel \"Alle dabei!\". Gefragt werden Behinderte zwischen elf und 25 Jahren. Die Fragen k\u00f6nnen sie online im Internet beantworten.\nSie k\u00f6nnen aber auch einen pers\u00f6nlichen Termin ausmachen. Au\u00dferdem gibt es Gruppeninterviews auch mit Eltern. Sie finden im \"Haus der Jugend\" an der Frankfurter Stra\u00dfe statt.\nAuf <a href=\"https:\/\/www.hausderjugend-marburg.de\/alle-dabei\/\">https:\/\/www.hausderjugend-marburg.de\/alle-dabei\/<\/a> stehen die Fragen im Internet. Auch weitere Infos sowie Kontaktm\u00f6glichkeiten sind auf dieser Seite zu finden. Die Frageb\u00f6gen werden bis zum15. August angenommen.\nZu den Interviews im Jugendclub \"Volle H\u00fctte\" im Haus der Jugend gibt es Pizza. Termine sind am 5. oder 12. Juli ab 16 Uhr. Die Ergebnisse will die Stadt am 8. Dezember um 15 Uhr im TTZ vorstellen.\n\n* Franz-Josef Hanke\n&lt;a href=\"<a href=\"https:\/\/leichte.news\/audio\/220.mp3\">https:\/\/leichte.news\/audio\/220.mp3\"&gt;&lt;img<\/a> src=\"<a href=\"http:\/\/hoer.leichte.news\/play.jpg\">http:\/\/hoer.leichte.news\/play.jpg<\/a>\" alt=\"Abspielen\" width=20 height=20&gt;&lt;\/a&gt;\nM\u00f6chtest Du diesen Text h\u00f6ren? Du kannst Ihn Dir hier auch &lt;a href=\"<a href=\"https:\/\/leichte.news\/audio\/220.mp3\">https:\/\/leichte.news\/audio\/220.mp3\"&gt;vorlesen&lt;\/a&amp;gt<\/a>; lassen.\n\n--><\/p>\n","protected":false},"excerpt":{"rendered":"<p>Was brauchen behinderte Jugendliche in der Freizeit? Das will die Stadt Marburg wissen.<\/p>\n","protected":false},"author":1,"featured_media":0,"comment_status":"closed","ping_status":"open","sticky":false,"template":"","format":"standard","meta":{"jetpack_post_was_ever_published":false,"_jetpack_newsletter_access":"","_jetpack_dont_email_post_to_subs":false,"_jetpack_newsletter_tier_id":0,"_jetpack_memberships_contains_paywalled_content":false,"_jetpack_memberships_contains_paid_content":false,"footnotes":"","jetpack_publicize_message":"","jetpack_publicize_feature_enabled":true,"jetpack_social_post_already_shared":true,"jetpack_social_options":{"image_generator_settings":{"template":"highway","default_image_id":0,"font":"","enabled":false},"version":2}},"categories":[3,4],"tags":[53,302,303],"class_list":["post-624","post","type-post","status-publish","format-standard","hentry","category-kultur","category-soziales","tag-behinderte","tag-freizeit","tag-jugend"],"jetpack_publicize_connections":[],"jetpack_featured_media_url":"","jetpack_sharing_enabled":true,"jetpack_shortlink":"https:\/\/wp.me\/p8mLFQ-a4","jetpack_likes_enabled":true,"_links":{"self":[{"href":"https:\/\/leichte.news\/index.php?rest_route=\/wp\/v2\/posts\/624","targetHints":{"allow":["GET"]}}],"collection":[{"href":"https:\/\/leichte.news\/index.php?rest_route=\/wp\/v2\/posts"}],"about":[{"href":"https:\/\/leichte.news\/index.php?rest_route=\/wp\/v2\/types\/post"}],"author":[{"embeddable":true,"href":"https:\/\/leichte.news\/index.php?rest_route=\/wp\/v2\/users\/1"}],"replies":[{"embeddable":true,"href":"https:\/\/leichte.news\/index.php?rest_route=%2Fwp%2Fv2%2Fcomments&post=624"}],"version-history":[{"count":1,"href":"https:\/\/leichte.news\/index.php?rest_route=\/wp\/v2\/posts\/624\/revisions"}],"predecessor-version":[{"id":625,"href":"https:\/\/leichte.news\/index.php?rest_route=\/wp\/v2\/posts\/624\/revisions\/625"}],"wp:attachment":[{"href":"https:\/\/leichte.news\/index.php?rest_route=%2Fwp%2Fv2%2Fmedia&parent=624"}],"wp:term":[{"taxonomy":"category","embeddable":true,"href":"https:\/\/leichte.news\/index.php?rest_route=%2Fwp%2Fv2%2Fcategories&post=624"},{"taxonomy":"post_tag","embeddable":true,"href":"https:\/\/leichte.news\/index.php?rest_route=%2Fwp%2Fv2%2Ftags&post=624"}],"curies":[{"name":"wp","href":"https:\/\/api.w.org\/{rel}","templated":true}]}}