{"id":583,"date":"2022-10-14T14:12:00","date_gmt":"2022-10-14T12:12:00","guid":{"rendered":"http:\/\/leichte.news\/?p=583"},"modified":"2022-11-04T11:21:57","modified_gmt":"2022-11-04T10:21:57","slug":"seh-weisen-seit-40-jahren-machen-behinderte-einen-kalender","status":"publish","type":"post","link":"https:\/\/leichte.news\/?p=583","title":{"rendered":"Seh-Weisen: Seit 40 Jahren machen Behinderte einen Kalender"},"content":{"rendered":"<p>&#8222;Wir haben euch etwas zu sagen.&#8220; Das tun behinderte Menschen mit dem &#8222;Seh-Weisen&#8220;-Kalender. <!--more--><br \/>\nDieser wundersch\u00f6ne Kalender wird jetzt 40 Jahre alt. 1983 erschien der erste &#8222;Seh-Weisen&#8220;-Kalender. Die Bundesvereinigung Lebenshilfe (BVLH) bringt ihn heraus.<br \/>\nDarin sind Bilder von Menschen mit geistiger Behinderung. Diese besondere Kunst hat inzwischen viele Fans. Das war vor 40 Jahren noch keine Selbstverst\u00e4ndlichkeit.<br \/>\nBeim Malen taucht Claudia F\u00f6rster von der Lebenshilfe Heidelberg in eine andere Welt ein: &#8220; Alles ist m\u00f6glich; alles ist richtig. Hier gibt es keine Beschr\u00e4nkungen.<br \/>\nDie Bilder im neuen Lebenshilfe-Kalender &#8222;Seh-Weisen 2023&#8220; sind besonders. Dazu sind dort auch die Gedanken der K\u00fcnstlerinnen und K\u00fcnstler abgedruckt.<br \/>\nFranziska Leicht von der Lebenshilfe Pforzheim nimmt die Menschen mit ans Meer. Sie l\u00e4sst sie teilhaben an einem wundersch\u00f6nen Sonnenaufgang: &#8222;Ich wollte die Liebe zum Meer und zu Sonnenauf- und unterg\u00e4ngen zeigen. Und das Leuchten im Meer. Das Meer ist halt wie eine flie\u00dfende Bewegung, das wollte ich ausdr\u00fccken.&#8220;<br \/>\nSeit 40 Jahren gibt es den Lebenshilfe-Kalender. Die Lebenshilfe hat damit in Marburg angefangen. Bei ihr kann man den Kalender auch bestellen.<br \/>\nNeben dem Titel enth\u00e4lt er zw\u00f6lf farbige Monatsbl\u00e4tter mit Kalendarium. Aus dem Kalender kann man sieben Postkarten heraustrennen. Zum Preis von 17,90 Euro plus Versandkosten kann man die &#8222;Seh-Weisen 2023&#8220; bestellen bei der Bundesvereinigung Lebenshilfe in Marburg.<br \/>\nDie Telefonnummer ist 06421\/491-123. Die E-Mail-Adresse ist an vertrieb@lebenshilfe.de.<br \/>\nDer Erl\u00f6s geht an die Lebenshilfe. Alle Kalenderbilder k\u00f6nnen Interessierte im Internet unter <a href=\"http:\/\/www.lebenshilfe.de\">www.lebenshilfe.de<\/a> anschauen.<\/p>\n<p>* Franz-Josef Hanke<br \/>\n<a href=\"https:\/\/leichte.news\/audio\/209.mp3\"><img data-recalc-dims=\"1\" loading=\"lazy\" decoding=\"async\" src=\"https:\/\/i0.wp.com\/hoer.leichte.news\/play.jpg?resize=20%2C20\" alt=\"Abspielen\" width=\"20\" height=\"20\"><\/a><br \/>\nM\u00f6chtest Du diesen Text h\u00f6ren? Du kannst Ihn Dir hier auch <a href=\"https:\/\/leichte.news\/audio\/209.mp3\">vorlesen<\/a> lassen.<\/p>\n","protected":false},"excerpt":{"rendered":"<p>&#8222;Wir haben euch etwas zu sagen.&#8220; Das tun behinderte Menschen mit dem &#8222;Seh-Weisen&#8220;-Kalender.<\/p>\n","protected":false},"author":1,"featured_media":0,"comment_status":"closed","ping_status":"open","sticky":false,"template":"","format":"standard","meta":{"jetpack_post_was_ever_published":false,"_jetpack_newsletter_access":"","_jetpack_dont_email_post_to_subs":false,"_jetpack_newsletter_tier_id":0,"_jetpack_memberships_contains_paywalled_content":false,"_jetpack_memberships_contains_paid_content":false,"footnotes":"","jetpack_publicize_message":"","jetpack_publicize_feature_enabled":true,"jetpack_social_post_already_shared":true,"jetpack_social_options":{"image_generator_settings":{"template":"highway","default_image_id":0,"font":"","enabled":false},"version":2}},"categories":[3,4],"tags":[282,283,284],"class_list":["post-583","post","type-post","status-publish","format-standard","hentry","category-kultur","category-soziales","tag-kalender","tag-kunst","tag-seh-weisen"],"jetpack_publicize_connections":[],"jetpack_featured_media_url":"","jetpack_sharing_enabled":true,"jetpack_shortlink":"https:\/\/wp.me\/p8mLFQ-9p","jetpack_likes_enabled":true,"_links":{"self":[{"href":"https:\/\/leichte.news\/index.php?rest_route=\/wp\/v2\/posts\/583","targetHints":{"allow":["GET"]}}],"collection":[{"href":"https:\/\/leichte.news\/index.php?rest_route=\/wp\/v2\/posts"}],"about":[{"href":"https:\/\/leichte.news\/index.php?rest_route=\/wp\/v2\/types\/post"}],"author":[{"embeddable":true,"href":"https:\/\/leichte.news\/index.php?rest_route=\/wp\/v2\/users\/1"}],"replies":[{"embeddable":true,"href":"https:\/\/leichte.news\/index.php?rest_route=%2Fwp%2Fv2%2Fcomments&post=583"}],"version-history":[{"count":1,"href":"https:\/\/leichte.news\/index.php?rest_route=\/wp\/v2\/posts\/583\/revisions"}],"predecessor-version":[{"id":586,"href":"https:\/\/leichte.news\/index.php?rest_route=\/wp\/v2\/posts\/583\/revisions\/586"}],"wp:attachment":[{"href":"https:\/\/leichte.news\/index.php?rest_route=%2Fwp%2Fv2%2Fmedia&parent=583"}],"wp:term":[{"taxonomy":"category","embeddable":true,"href":"https:\/\/leichte.news\/index.php?rest_route=%2Fwp%2Fv2%2Fcategories&post=583"},{"taxonomy":"post_tag","embeddable":true,"href":"https:\/\/leichte.news\/index.php?rest_route=%2Fwp%2Fv2%2Ftags&post=583"}],"curies":[{"name":"wp","href":"https:\/\/api.w.org\/{rel}","templated":true}]}}