{"id":57,"date":"2013-08-10T10:50:00","date_gmt":"2013-08-10T09:50:00","guid":{"rendered":"http:\/\/leichte.news\/?p=57"},"modified":"2017-02-09T02:22:47","modified_gmt":"2017-02-09T01:22:47","slug":"neues-buch-fuer-kinder-ulla-schmidt-eroeffnet-am-freitag-eine-ausstellung","status":"publish","type":"post","link":"https:\/\/leichte.news\/?p=57","title":{"rendered":"Neues Buch f\u00fcr Kinder: Ulla Schmidt er\u00f6ffnet am Freitag eine Ausstellung"},"content":{"rendered":"<p>&#8222;Fred, der Frosch, und eine Schule f\u00fcr alle&#8220; hei\u00dft ein neues Kinderbuch. Dazu er\u00f6ffnet Ulla Schmidt am 16. August um 17 Uhr eine Ausstellung im Stadtverordneten-Sitzungssaal. <!--more--><br \/>\nMit &#8222;Fred, der Frosch, und eine Schule f\u00fcr alle&#8220; erkl\u00e4rt Wiltrud Thies die Bedeutung von Inklusion. Viele Jahre war sie Leiterin der inklusiven Sophie-Scholl-Schule der Lebenshilfe Gie\u00dfen.<br \/>\nIhr erstes Kinderbuch will Mut machen. Man kann es selbst lesen. Eltern k\u00f6nnen es ihren Kindern auch vorlesen. Kinder k\u00f6nnen dazu sogar Theater spielen. Unterschiede geh\u00f6ren dazu. Das ist Inklusion.<br \/>\nDas merkt auch Fred an seinem ersten Schultag. Davor hat er etwas Angst. Denn pl\u00f6tzlich lernen alle Tiere zusammen. Ein Frosch, ein Zebra und ein L\u00f6we sitzen in einer Klasse. Kann das gutgehen?<br \/>\nDer Tag verl\u00e4uft nicht ohne \u00c4rger. Aber Fred und seine neuen Freunde lernen miteinander ganz viel.<br \/>\nFred, der Frosch, ist auch in einer Ausstellung zu sehen. Man kann sie vom 19. bis zum 30. August im Stadtverordneten-Sitzungssaal an der Barf\u00fc\u00dferstra\u00dfe besuchen.<br \/>\nUlla Schmidt war fr\u00fcher Gesundheitsministerin. Jetzt ist sie die Vorsitzende der Lebenshilfe.<br \/>\nSie sagt \u00fcber das Buch: &#8222;Fred, der Frosch, macht auf so einfache und eindr\u00fcckliche Weise deutlich, worum es der Lebenshilfe geht. Wir setzen uns f\u00fcr eine Gesellschaft ein, in der behinderte Menschen mittendrin leben und von Anfang an willkommen sind.&#8220;<br \/>\nDas Kinderbuch ist im Verlag der Bundesvereinigung Lebenshilfe in Kooperation mit dem Susanna Rieder Verlag erschienen. Illustriert hat die Geschichte die Marburger Malerin Anke Koch-R\u00f6ttering.<br \/>\nAls Mutter eines Sohnes mit Down-Syndrom hat sie viele Jahre gek\u00e4mpft. Aber jetzt darf ihr Kind die Regelschule besuchen.<br \/>\nDie Autorin Thies ist Mitglied des Expertenkreises &#8222;Inklusive Bildung&#8220; der Deutschen UNESCO-Kommission. Als Beraterin f\u00fcr Schulentwicklungsprozesse ist sie im In- und Ausland t\u00e4tig. 2013 erhielt sie f\u00fcr ihr Engagement den Verdienstorden der Bundesrepublik Deutschland.<br \/>\nDas Kinderbuch &#8222;Fred, der Frosch, und eine Schule f\u00fcr alle&#8220; hat 32 Seiten. F\u00fcr 14,50 Euro plus Versand kann man es beim Lebenshilfe-Verlag bestellen. Die Autorin und die Illustratorin stehen f\u00fcr Lesungen und Malaktionen in Kinderg\u00e4rten und Grundschulen zur Verf\u00fcgung.<br \/>\n * pm: Bundesvereinigung Lebenshilfe<br \/>\n<a href=\"https:\/\/leichte.news\/audio\/12.mp3\"><img data-recalc-dims=\"1\" decoding=\"async\" src=\"https:\/\/i0.wp.com\/hoer.leichte.news\/play.jpg?resize=20%2C20\" alt=\"Abspielen\" width=\"20\" height=\"20\"><\/a><br \/>\nM\u00f6chtest Du diesen Text h\u00f6ren? Du kannst Ihn Dir hier auch <a href=\"https:\/\/leichte.news\/audio\/12.mp3\">vorlesen<\/a> lassen.<\/p>\n","protected":false},"excerpt":{"rendered":"<p>&#8222;Fred, der Frosch, und eine Schule f\u00fcr alle&#8220; hei\u00dft ein neues Kinderbuch. Dazu er\u00f6ffnet Ulla Schmidt am 16. August um 17 Uhr eine Ausstellung im Stadtverordneten-Sitzungssaal.<\/p>\n","protected":false},"author":1,"featured_media":0,"comment_status":"closed","ping_status":"open","sticky":false,"template":"","format":"standard","meta":{"jetpack_post_was_ever_published":false,"_jetpack_newsletter_access":"","_jetpack_dont_email_post_to_subs":true,"_jetpack_newsletter_tier_id":0,"_jetpack_memberships_contains_paywalled_content":false,"_jetpack_memberships_contains_paid_content":false,"footnotes":"","jetpack_publicize_message":"","jetpack_publicize_feature_enabled":true,"jetpack_social_post_already_shared":true,"jetpack_social_options":{"image_generator_settings":{"template":"highway","default_image_id":0,"font":"","enabled":false},"version":2}},"categories":[3,4],"tags":[33,34,35],"class_list":["post-57","post","type-post","status-publish","format-standard","hentry","category-kultur","category-soziales","tag-kinderbuch","tag-lebenshilfe","tag-ulla-schmidt"],"jetpack_publicize_connections":[],"jetpack_featured_media_url":"","jetpack_sharing_enabled":true,"jetpack_shortlink":"https:\/\/wp.me\/p8mLFQ-V","jetpack_likes_enabled":true,"_links":{"self":[{"href":"https:\/\/leichte.news\/index.php?rest_route=\/wp\/v2\/posts\/57","targetHints":{"allow":["GET"]}}],"collection":[{"href":"https:\/\/leichte.news\/index.php?rest_route=\/wp\/v2\/posts"}],"about":[{"href":"https:\/\/leichte.news\/index.php?rest_route=\/wp\/v2\/types\/post"}],"author":[{"embeddable":true,"href":"https:\/\/leichte.news\/index.php?rest_route=\/wp\/v2\/users\/1"}],"replies":[{"embeddable":true,"href":"https:\/\/leichte.news\/index.php?rest_route=%2Fwp%2Fv2%2Fcomments&post=57"}],"version-history":[{"count":3,"href":"https:\/\/leichte.news\/index.php?rest_route=\/wp\/v2\/posts\/57\/revisions"}],"predecessor-version":[{"id":60,"href":"https:\/\/leichte.news\/index.php?rest_route=\/wp\/v2\/posts\/57\/revisions\/60"}],"wp:attachment":[{"href":"https:\/\/leichte.news\/index.php?rest_route=%2Fwp%2Fv2%2Fmedia&parent=57"}],"wp:term":[{"taxonomy":"category","embeddable":true,"href":"https:\/\/leichte.news\/index.php?rest_route=%2Fwp%2Fv2%2Fcategories&post=57"},{"taxonomy":"post_tag","embeddable":true,"href":"https:\/\/leichte.news\/index.php?rest_route=%2Fwp%2Fv2%2Ftags&post=57"}],"curies":[{"name":"wp","href":"https:\/\/api.w.org\/{rel}","templated":true}]}}