{"id":518,"date":"2022-05-08T15:22:55","date_gmt":"2022-05-08T13:22:55","guid":{"rendered":"http:\/\/leichte.news\/?p=518"},"modified":"2022-05-16T11:26:01","modified_gmt":"2022-05-16T09:26:01","slug":"gruene-kandidatin-carola-carius-will-landraetin-werden","status":"publish","type":"post","link":"https:\/\/leichte.news\/?p=518","title":{"rendered":"Gr\u00fcne Kandidatin: Carola Carius will Landr\u00e4tin werden"},"content":{"rendered":"<p>Carola Carius m\u00f6chte Landr\u00e4tin werden. Am 15. Mai tritt sie f\u00fcr Die Gr\u00fcnen an. <!--more--><br \/>\nDie 57-j\u00e4hrige Ingenieurin m\u00f6chte das Leben in den D\u00f6rfern erleichtern. Jedes Dorf soll einen Laden und eine gute Busverbindung haben. Sie lobt die M\u00f6glichkeit Autos oder andere Dinge zu teilen.<br \/>\nIn C\u00f6lbe-Sch\u00f6nstadt hat sie das schon vorgemacht. Als Landr\u00e4tin will sie das \u00fcberall im Kreis bekannt machen. Darum m\u00f6chte sie Nachfolgerin von Kirsten Fr\u00fcndt werden.<br \/>\nStrom aus Sonne und Wind soll Gas und \u00d6l abl\u00f6sen. Auch die W\u00e4rme im Erdboden m\u00f6chte Carius besser nutzen. Daf\u00fcr kann der Landkreis viel tun.<br \/>\nNeue Stra\u00dfen will Carius nicht mehr bauen. Radwege und Buslinien sollen die D\u00f6rfer erschlie\u00dfen. Alle sollen gern auf einem Dorf leben.<br \/>\nDie Politik soll niemanden alleinlassen. Das ist wichtig f\u00fcr die Demokratie. Die Politik muss f\u00fcr alle Menschen da sein.<br \/>\nSelbstverst\u00e4ndlich m\u00f6chte Carius den Gefl\u00fcchteten aus der Ukraine helfen. Sie freut sich \u00fcber die gro\u00dfe Hilfe aus der bev\u00f6lkerung im Landkreis f\u00fcr diese Menschen. &#8222;Das ist eine gro\u00dfe Herausforderung&#8220;, sagt Carius.<br \/>\nMit ihrer Kandidatur will sie auch die Frauen st\u00e4rken. Nur zwei von 22 Gemeinden im Kreis werden von Frauen regiert. Auch darum m\u00f6chte Carius Landr\u00e4tin im Kreis Marbrg-Biedenkopf werden.<\/p>\n<p>* F&#8217;ranz-Josef Hanke<\/p>\n","protected":false},"excerpt":{"rendered":"<p>Carola Carius m\u00f6chte Landr\u00e4tin werden. Am 15. Mai tritt sie f\u00fcr Die Gr\u00fcnen an.<\/p>\n","protected":false},"author":1,"featured_media":535,"comment_status":"closed","ping_status":"open","sticky":false,"template":"","format":"standard","meta":{"jetpack_post_was_ever_published":false,"_jetpack_newsletter_access":"","_jetpack_dont_email_post_to_subs":false,"_jetpack_newsletter_tier_id":0,"_jetpack_memberships_contains_paywalled_content":false,"_jetpack_memberships_contains_paid_content":false,"footnotes":"","jetpack_publicize_message":"","jetpack_publicize_feature_enabled":true,"jetpack_social_post_already_shared":true,"jetpack_social_options":{"image_generator_settings":{"template":"highway","default_image_id":0,"font":"","enabled":false},"version":2}},"categories":[2],"tags":[270,173,221],"class_list":["post-518","post","type-post","status-publish","format-standard","has-post-thumbnail","hentry","category-politik","tag-carola-carius","tag-gruene","tag-landraetin"],"jetpack_publicize_connections":[],"jetpack_featured_media_url":"https:\/\/i0.wp.com\/leichte.news\/wp-content\/uploads\/2022\/05\/2022-04-01-Pressefotos-CC21.jpg?fit=2480%2C2480&ssl=1","jetpack_sharing_enabled":true,"jetpack_shortlink":"https:\/\/wp.me\/p8mLFQ-8m","jetpack_likes_enabled":true,"_links":{"self":[{"href":"https:\/\/leichte.news\/index.php?rest_route=\/wp\/v2\/posts\/518","targetHints":{"allow":["GET"]}}],"collection":[{"href":"https:\/\/leichte.news\/index.php?rest_route=\/wp\/v2\/posts"}],"about":[{"href":"https:\/\/leichte.news\/index.php?rest_route=\/wp\/v2\/types\/post"}],"author":[{"embeddable":true,"href":"https:\/\/leichte.news\/index.php?rest_route=\/wp\/v2\/users\/1"}],"replies":[{"embeddable":true,"href":"https:\/\/leichte.news\/index.php?rest_route=%2Fwp%2Fv2%2Fcomments&post=518"}],"version-history":[{"count":1,"href":"https:\/\/leichte.news\/index.php?rest_route=\/wp\/v2\/posts\/518\/revisions"}],"predecessor-version":[{"id":536,"href":"https:\/\/leichte.news\/index.php?rest_route=\/wp\/v2\/posts\/518\/revisions\/536"}],"wp:featuredmedia":[{"embeddable":true,"href":"https:\/\/leichte.news\/index.php?rest_route=\/wp\/v2\/media\/535"}],"wp:attachment":[{"href":"https:\/\/leichte.news\/index.php?rest_route=%2Fwp%2Fv2%2Fmedia&parent=518"}],"wp:term":[{"taxonomy":"category","embeddable":true,"href":"https:\/\/leichte.news\/index.php?rest_route=%2Fwp%2Fv2%2Fcategories&post=518"},{"taxonomy":"post_tag","embeddable":true,"href":"https:\/\/leichte.news\/index.php?rest_route=%2Fwp%2Fv2%2Ftags&post=518"}],"curies":[{"name":"wp","href":"https:\/\/api.w.org\/{rel}","templated":true}]}}