{"id":512,"date":"2022-02-13T13:18:47","date_gmt":"2022-02-13T12:18:47","guid":{"rendered":"http:\/\/leichte.news\/?p=512"},"modified":"2022-06-15T12:38:15","modified_gmt":"2022-06-15T10:38:15","slug":"15-mai-der-kreis-waehlt-einen-neuen-landrat","status":"publish","type":"post","link":"https:\/\/leichte.news\/?p=512","title":{"rendered":"15. Mai: Der Kreis w\u00e4hlt einen neuen Landrat"},"content":{"rendered":"<p>Der Landkreis w\u00e4hlt eine neue Landr\u00e4tin oder einen Landrat. Diese Wahl ist am 15. Mai. <!--more--><br \/>\nSeit <a href=\"http:\/\/wahl.marburgviews.de\/2013\">2013 war Kirsten Fr\u00fcndt die Landr\u00e4tin<\/a>. Sie ist <a href=\"https:\/\/leichte.news\/?p=507\">am 19. Januar gestorben<\/a>. Darum muss der Landkreis Marburg-Biedenkopf jetzt eine Nachfolgerin oder einen Nachfolger w\u00e4hlen.<br \/>\nDen <a href=\"http:\/\/wahl.marburgviews.de\">Wahltermin<\/a> hat der Kreistag bei einer Sondersitzung am 11. Februar in Stadtallendorf beschlossen. Alle Stimmberechtigten \u00fcber 18 Jahre aus dem Kreis d\u00fcrfen dabei mitw\u00e4hlen.<br \/>\nIm ersten Wahlgang am 15. Mai m\u00fcssen die Kandidaten mehr als die H\u00e4lfte der abgegebenen Stimmen bekommen. Sonst gibt es 14 Tage sp\u00e4ter einen zweiten wahlgang. Dann treten nur noch die zwei Kandidaten mit den meisten Stimmen an.<br \/>\nAm 29. Mai gewinnt dann die Kandidatin oder der Kandidat mit den meisten Stimmen. Der Gewinner bleibt sechs Jahre im Amt. Der Landrat ist Chef vom Landkreis.<\/p>\n<p>* Franz-Josef Hanke<br \/>\n<a href=\"https:\/\/leichte.news\/audio\/193.mp3\"><img data-recalc-dims=\"1\" loading=\"lazy\" decoding=\"async\" src=\"https:\/\/i0.wp.com\/hoer.leichte.news\/play.jpg?resize=20%2C20\" alt=\"Abspielen\" width=\"20\" height=\"20\"><\/a><br \/>\nM\u00f6chtest Du diesen Text h\u00f6ren? Du kannst Ihn Dir hier auch <a href=\"https:\/\/leichte.news\/audio\/193.mp3\">vorlesen<\/a> lassen.<\/p>\n","protected":false},"excerpt":{"rendered":"<p>Der Landkreis w\u00e4hlt eine neue Landr\u00e4tin oder einen Landrat. Diese Wahl ist am 15. Mai.<\/p>\n","protected":false},"author":1,"featured_media":0,"comment_status":"closed","ping_status":"open","sticky":false,"template":"","format":"standard","meta":{"jetpack_post_was_ever_published":false,"_jetpack_newsletter_access":"","_jetpack_dont_email_post_to_subs":false,"_jetpack_newsletter_tier_id":0,"_jetpack_memberships_contains_paywalled_content":false,"_jetpack_memberships_contains_paid_content":false,"footnotes":"","jetpack_publicize_message":"","jetpack_publicize_feature_enabled":true,"jetpack_social_post_already_shared":true,"jetpack_social_options":{"image_generator_settings":{"template":"highway","default_image_id":0,"font":"","enabled":false},"version":2}},"categories":[2],"tags":[246,36,38],"class_list":["post-512","post","type-post","status-publish","format-standard","hentry","category-politik","tag-kirsten-fruendt","tag-landkreis","tag-wahl"],"jetpack_publicize_connections":[],"jetpack_featured_media_url":"","jetpack_sharing_enabled":true,"jetpack_shortlink":"https:\/\/wp.me\/p8mLFQ-8g","jetpack_likes_enabled":true,"_links":{"self":[{"href":"https:\/\/leichte.news\/index.php?rest_route=\/wp\/v2\/posts\/512","targetHints":{"allow":["GET"]}}],"collection":[{"href":"https:\/\/leichte.news\/index.php?rest_route=\/wp\/v2\/posts"}],"about":[{"href":"https:\/\/leichte.news\/index.php?rest_route=\/wp\/v2\/types\/post"}],"author":[{"embeddable":true,"href":"https:\/\/leichte.news\/index.php?rest_route=\/wp\/v2\/users\/1"}],"replies":[{"embeddable":true,"href":"https:\/\/leichte.news\/index.php?rest_route=%2Fwp%2Fv2%2Fcomments&post=512"}],"version-history":[{"count":3,"href":"https:\/\/leichte.news\/index.php?rest_route=\/wp\/v2\/posts\/512\/revisions"}],"predecessor-version":[{"id":560,"href":"https:\/\/leichte.news\/index.php?rest_route=\/wp\/v2\/posts\/512\/revisions\/560"}],"wp:attachment":[{"href":"https:\/\/leichte.news\/index.php?rest_route=%2Fwp%2Fv2%2Fmedia&parent=512"}],"wp:term":[{"taxonomy":"category","embeddable":true,"href":"https:\/\/leichte.news\/index.php?rest_route=%2Fwp%2Fv2%2Fcategories&post=512"},{"taxonomy":"post_tag","embeddable":true,"href":"https:\/\/leichte.news\/index.php?rest_route=%2Fwp%2Fv2%2Ftags&post=512"}],"curies":[{"name":"wp","href":"https:\/\/api.w.org\/{rel}","templated":true}]}}