{"id":507,"date":"2022-01-19T16:32:10","date_gmt":"2022-01-19T15:32:10","guid":{"rendered":"http:\/\/leichte.news\/?p=507"},"modified":"2022-06-13T11:37:41","modified_gmt":"2022-06-13T09:37:41","slug":"trauer-im-kreis-kirsten-fruendt-ist-tot","status":"publish","type":"post","link":"https:\/\/leichte.news\/?p=507","title":{"rendered":"Trauer im Kreis: Kirsten Fr\u00fcndt ist tot"},"content":{"rendered":"<p>Kirsten Fr\u00fcndt ist tot. Die Landr\u00e4tin wurde 54 Jahre alt.<br \/>\n<!--more--><br \/>\nFr\u00fcndt ist am 19. Januar gestorben. Die <a href=\"https:\/\/leichte.news\/?p=414\">Landr\u00e4tin hatte Krebs<\/a>. Sie war verheiratet und hatte zwei erwachsene T\u00f6chter.<br \/>\n<a href=\"https:\/\/leichte.news\/?p=77\">2013 wurde sie zur Landr\u00e4tin<\/a> gew\u00e4hlt. <a href=\"https:\/\/leichte.news\/?p=372\">2019 wurde sie wiedergew\u00e4hlt<\/a>. Sie war die erste Frau in diesem Amt.<br \/>\n&#8222;Sie hatte das Herz am rechten Fleck&#8220;, schreiben die Gr\u00fcnen. &#8222;Sie hat viel f\u00fcr den Landkreis Marburg-Biedenkopf getan&#8220;, schreibt Regierungspr\u00e4sident Dr. Christoph Ullrich.<br \/>\nBis Mai muss der Landkreis nun eine neue Landr\u00e4tin oder einen neuen Landrat w\u00e4hlen. Bis dahin vertritt der Erste Kreisbeigeordnete Marian Zachow das Amt.<\/p>\n<p>* Franz-Josef Hanke<br \/>\n<a href=\"https:\/\/leichte.news\/audio\/192.mp3\"><img data-recalc-dims=\"1\" loading=\"lazy\" decoding=\"async\" src=\"https:\/\/i0.wp.com\/hoer.leichte.news\/play.jpg?resize=20%2C20\" alt=\"Abspielen\" width=\"20\" height=\"20\"><\/a><br \/>\nM\u00f6chtest Du diesen Text h\u00f6ren? Du kannst Ihn Dir hier auch <a href=\"https:\/\/leichte.news\/audio\/192.mp3\">vorlesen<\/a> lassen<\/p>\n","protected":false},"excerpt":{"rendered":"<p>Kirsten Fr\u00fcndt ist tot. Die Landr\u00e4tin wurde 54 Jahre alt.<\/p>\n","protected":false},"author":1,"featured_media":75,"comment_status":"closed","ping_status":"closed","sticky":false,"template":"","format":"standard","meta":{"jetpack_post_was_ever_published":false,"_jetpack_newsletter_access":"","_jetpack_dont_email_post_to_subs":false,"_jetpack_newsletter_tier_id":0,"_jetpack_memberships_contains_paywalled_content":false,"_jetpack_memberships_contains_paid_content":false,"footnotes":"","jetpack_publicize_message":"","jetpack_publicize_feature_enabled":true,"jetpack_social_post_already_shared":true,"jetpack_social_options":{"image_generator_settings":{"template":"highway","default_image_id":0,"font":"","enabled":false},"version":2}},"categories":[2],"tags":[246,36,221],"class_list":["post-507","post","type-post","status-publish","format-standard","has-post-thumbnail","hentry","category-politik","tag-kirsten-fruendt","tag-landkreis","tag-landraetin"],"jetpack_publicize_connections":[],"jetpack_featured_media_url":"https:\/\/i0.wp.com\/leichte.news\/wp-content\/uploads\/2013\/09\/fruendt8-13.jpg?fit=2748%2C3664&ssl=1","jetpack_sharing_enabled":true,"jetpack_shortlink":"https:\/\/wp.me\/p8mLFQ-8b","jetpack_likes_enabled":true,"_links":{"self":[{"href":"https:\/\/leichte.news\/index.php?rest_route=\/wp\/v2\/posts\/507","targetHints":{"allow":["GET"]}}],"collection":[{"href":"https:\/\/leichte.news\/index.php?rest_route=\/wp\/v2\/posts"}],"about":[{"href":"https:\/\/leichte.news\/index.php?rest_route=\/wp\/v2\/types\/post"}],"author":[{"embeddable":true,"href":"https:\/\/leichte.news\/index.php?rest_route=\/wp\/v2\/users\/1"}],"replies":[{"embeddable":true,"href":"https:\/\/leichte.news\/index.php?rest_route=%2Fwp%2Fv2%2Fcomments&post=507"}],"version-history":[{"count":3,"href":"https:\/\/leichte.news\/index.php?rest_route=\/wp\/v2\/posts\/507\/revisions"}],"predecessor-version":[{"id":551,"href":"https:\/\/leichte.news\/index.php?rest_route=\/wp\/v2\/posts\/507\/revisions\/551"}],"wp:featuredmedia":[{"embeddable":true,"href":"https:\/\/leichte.news\/index.php?rest_route=\/wp\/v2\/media\/75"}],"wp:attachment":[{"href":"https:\/\/leichte.news\/index.php?rest_route=%2Fwp%2Fv2%2Fmedia&parent=507"}],"wp:term":[{"taxonomy":"category","embeddable":true,"href":"https:\/\/leichte.news\/index.php?rest_route=%2Fwp%2Fv2%2Fcategories&post=507"},{"taxonomy":"post_tag","embeddable":true,"href":"https:\/\/leichte.news\/index.php?rest_route=%2Fwp%2Fv2%2Ftags&post=507"}],"curies":[{"name":"wp","href":"https:\/\/api.w.org\/{rel}","templated":true}]}}