{"id":499,"date":"2022-01-01T15:39:58","date_gmt":"2022-01-01T14:39:58","guid":{"rendered":"http:\/\/leichte.news\/?p=499"},"modified":"2022-06-15T12:38:51","modified_gmt":"2022-06-15T10:38:51","slug":"2022-die-stadt-marburg-feiert-geburtstag","status":"publish","type":"post","link":"https:\/\/leichte.news\/?p=499","title":{"rendered":"2022: Die Stadt Marburg feiert Geburtstag"},"content":{"rendered":"<p>Die Stadt Marburg feiert Geburtstag. 2022 wird sie 800 Jahre alt.<br \/>\n<!--more--><br \/>\nDas ganze Jahr \u00fcber feiert Marburg ein gro\u00dfes Fest. Es gibt ein eigenes Theaterst\u00fcck und eine lange Tafel auf der Stadtautobahn. Schlie\u00dflich hat die Stadt jetzt <a href=\"https:\/\/leichte.news\/?p=497\">ziemlich viel Geld<\/a>.<br \/>\nNoch m\u00fcssen aber alle vorsichtig sein. Corona hat die ganze Welt fest im Griff. Die neue Variante &#8222;Omikron&#8220; verbreitet sich sehr schnell.<br \/>\nAllerdings hoffen Fachleute auf ein schnelles Ende der Pandemie. In S\u00fcdafrika und England geht sie n\u00e4mlich gerade in die &#8222;endemische Phase&#8220; \u00fcber. Dann ist sie nicht mehr ganz so schlimm.<\/p>\n<p>* Franz-Josef Hanke<br \/>\n<a href=\"https:\/\/leichte.news\/audio\/191.mp3\"><img data-recalc-dims=\"1\" loading=\"lazy\" decoding=\"async\" src=\"https:\/\/i0.wp.com\/hoer.leichte.news\/play.jpg?resize=20%2C20\" alt=\"Abspielen\" width=\"20\" height=\"20\"><\/a><br \/>\nM\u00f6chtest Du diesen Text h\u00f6ren? Du kannst Ihn Dir hier auch <a href=\"https:\/\/leichte.news\/audio\/191.mp3\">vorlesen<\/a> lassen.<\/p>\n","protected":false},"excerpt":{"rendered":"<p>Die Stadt Marburg feiert Geburtstag. 2022 wird sie 800 Jahre alt.<\/p>\n","protected":false},"author":1,"featured_media":448,"comment_status":"closed","ping_status":"open","sticky":false,"template":"","format":"standard","meta":{"jetpack_post_was_ever_published":false,"_jetpack_newsletter_access":"","_jetpack_dont_email_post_to_subs":false,"_jetpack_newsletter_tier_id":0,"_jetpack_memberships_contains_paywalled_content":false,"_jetpack_memberships_contains_paid_content":false,"footnotes":"","jetpack_publicize_message":"","jetpack_publicize_feature_enabled":true,"jetpack_social_post_already_shared":true,"jetpack_social_options":{"image_generator_settings":{"template":"highway","default_image_id":0,"font":"","enabled":false},"version":2}},"categories":[2,4],"tags":[253],"class_list":["post-499","post","type-post","status-publish","format-standard","has-post-thumbnail","hentry","category-politik","category-soziales","tag-ausblick"],"jetpack_publicize_connections":[],"jetpack_featured_media_url":"https:\/\/i0.wp.com\/leichte.news\/wp-content\/uploads\/2021\/02\/Thomas-Spies.jpg?fit=1635%2C1811&ssl=1","jetpack_sharing_enabled":true,"jetpack_shortlink":"https:\/\/wp.me\/p8mLFQ-83","jetpack_likes_enabled":true,"_links":{"self":[{"href":"https:\/\/leichte.news\/index.php?rest_route=\/wp\/v2\/posts\/499","targetHints":{"allow":["GET"]}}],"collection":[{"href":"https:\/\/leichte.news\/index.php?rest_route=\/wp\/v2\/posts"}],"about":[{"href":"https:\/\/leichte.news\/index.php?rest_route=\/wp\/v2\/types\/post"}],"author":[{"embeddable":true,"href":"https:\/\/leichte.news\/index.php?rest_route=\/wp\/v2\/users\/1"}],"replies":[{"embeddable":true,"href":"https:\/\/leichte.news\/index.php?rest_route=%2Fwp%2Fv2%2Fcomments&post=499"}],"version-history":[{"count":2,"href":"https:\/\/leichte.news\/index.php?rest_route=\/wp\/v2\/posts\/499\/revisions"}],"predecessor-version":[{"id":561,"href":"https:\/\/leichte.news\/index.php?rest_route=\/wp\/v2\/posts\/499\/revisions\/561"}],"wp:featuredmedia":[{"embeddable":true,"href":"https:\/\/leichte.news\/index.php?rest_route=\/wp\/v2\/media\/448"}],"wp:attachment":[{"href":"https:\/\/leichte.news\/index.php?rest_route=%2Fwp%2Fv2%2Fmedia&parent=499"}],"wp:term":[{"taxonomy":"category","embeddable":true,"href":"https:\/\/leichte.news\/index.php?rest_route=%2Fwp%2Fv2%2Fcategories&post=499"},{"taxonomy":"post_tag","embeddable":true,"href":"https:\/\/leichte.news\/index.php?rest_route=%2Fwp%2Fv2%2Ftags&post=499"}],"curies":[{"name":"wp","href":"https:\/\/api.w.org\/{rel}","templated":true}]}}