{"id":471,"date":"2021-09-09T09:45:00","date_gmt":"2021-09-09T07:45:00","guid":{"rendered":"http:\/\/leichte.news\/?p=471"},"modified":"2021-09-26T12:03:01","modified_gmt":"2021-09-26T10:03:01","slug":"maximilian-peter-kandidat-zur-bundestagswahl-fuer-die-linken","status":"publish","type":"post","link":"https:\/\/leichte.news\/?p=471","title":{"rendered":"Maximilian Peter: Kandidat zur Bundestagswahl f\u00fcr die Linken"},"content":{"rendered":"<p>Maximilian Peter m\u00f6chte in den Bundestag. Er kandidiert f\u00fcr die Linke. <!--more--><br \/>\n1992 wurde er in Gie\u00dfen geboren. Aufgewachsen ist er in Cappel.<br \/>\nDer Einzelhandelskaufmann arbeitet in einem Lebensmittelmarkt. Seit Langem ist er in antifaschistischen Initiativen aktiv. Schlie\u00dflich ist er auch der Linken beigetreten.<br \/>\n&#8222;Ein Grund daf\u00fcr war die Privatisierung des Klinikums&#8220;, berichtet er. &#8222;Gesundheit ist keine Ware&#8220;, stellt er fest. &#8222;Die Krankenversorgung ist lebensnotwendige Infrastruktur.&#8220;<br \/>\nDarum fordert er auch eine Aufhebung des Patentschutzes f\u00fcr Impfstoff. &#8222;Wichtig ist, dass Menschen \u00fcberall auf der Welt die Chance auf eine Impfung gegen das Coronavirus erhalten&#8220;, erkl\u00e4rt er.<br \/>\nDas gilt auch f\u00fcr den Wohnungsbau. &#8222;Wohnraum darf kein Spekulationsobjekt sein&#8220;, erl\u00e4utert er. Verlierer dabei sind sonst immer die \u00e4rmeren Menschen.<br \/>\nBesonders betroffen sind Familien und Alleinerziehende. &#8222;Selbst in Marburg k\u00f6nnen sich viele eine angemessene Wohnung kaum noch leisten&#8220;, beklagt er. &#8222;Die Mittel f\u00fcr den Sozialen Wohnungsbau m\u00fcssen mindestens verdoppelt und die gro\u00dfen Wohnbaukonzerne enteignet werden&#8220;, fordert er.<br \/>\nSchlimm findet Peter die ungerechte Verteilung von Armut und Reichtum. &#8222;In Deutschland ist die Ungleichheit noch wesentlich gr\u00f6\u00dfer als in den meisten anderen europ\u00e4ischen L\u00e4ndern&#8220;, stellt er fest. &#8222;Zudem hat sie w\u00e4hrend der Pandemie sogar noch zugenommen.&#8220;<br \/>\nKinderarmut prangert er ebenso an wie Altersarmut. &#8222;Eine Grundrente ist ebenso dringend wie eine ausreichende Grundsicherung f\u00fcr Kinder&#8220;, sagt Peter. &#8222;Statt Steuergeschenke f\u00fcr die Reichen muss es eine Mindestsicherung f\u00fcr alle geben.&#8220;<br \/>\nWichtig findet er auch ein gerechteres Bildungssystem. Zur Finanzierung der notwendigen Staatsausgaben fordert Peter eine Verm\u00f6genssteuer und die deutliche Erh\u00f6hung des Spitzensteuersatzes auf 53 Prozent. &#8222;Genau das hat es unter Helmut Kohl schon einmal gegeben.<br \/>\nDas neoliberale Wirtschaftssystem macht Peter verantwortlich f\u00fcr die Klimakatastrophe: &#8222;Die 100 gr\u00f6\u00dften Unternehmen weltweit sind verantwortlich f\u00fcr fast 70 Prozent der sch\u00e4dlichen CO2-Emissionen. Bei ihnen muss Klimaschutz ansetzen.&#8220;<br \/>\nDarum ist f\u00fcr Peter vor allem die Gesetzgebung gefordert. Klimaschutz soll nicht auf die Einzelnen abgew\u00e4lzt werden.&#8220; Eine klimafreundliche Lebensweise kostet n\u00e4mlich auch viel Geld.<br \/>\nZudem sollte man auch am Milit\u00e4r einsparen. \u00dcbungen und Krieg verursachen viele Klimasch\u00e4den. Hinzu kommen die Folgen f\u00fcr die Menschen.<br \/>\nSchlie\u00dflich treiben gerade Kriege die Menschen in Armut, Hunger und Flucht. &#8222;Diese Menschen m\u00fcssen wir in Deutschland aufnehmen&#8220;, fordert Peter. &#8222;Da haben wir eine Verantwortung.&#8220;<br \/>\nAllerdings ist auch der Klimawandel eine Ursache von Migration. &#8222;Der Klimaschutz muss viel schneller und radikaler erfolgen als bisher&#8220;, warnt Peter. &#8222;Klimaschutz ist letztlich auch Katastrophenschutz.&#8220;<br \/>\nSelbstverst\u00e4ndlich kann auch die Bev\u00f6lkerung ihren anteil zum Klimaschutz leisten. Helfen soll ein Umstieg auf Elektromobilit\u00e4t. Noch besser findet Peter einen Nulltarif im \u00f6ffentlichen Personennahverkehr (\u00d6PNV).<\/p>\n<p>* Franz-Josef Hanke<\/p>\n","protected":false},"excerpt":{"rendered":"<p>Maximilian Peter m\u00f6chte in den Bundestag. Er kandidiert f\u00fcr die Linke.<\/p>\n","protected":false},"author":1,"featured_media":486,"comment_status":"closed","ping_status":"open","sticky":false,"template":"","format":"standard","meta":{"jetpack_post_was_ever_published":false,"_jetpack_newsletter_access":"","_jetpack_dont_email_post_to_subs":false,"_jetpack_newsletter_tier_id":0,"_jetpack_memberships_contains_paywalled_content":false,"_jetpack_memberships_contains_paid_content":false,"footnotes":"","jetpack_publicize_message":"","jetpack_publicize_feature_enabled":true,"jetpack_social_post_already_shared":true,"jetpack_social_options":{"image_generator_settings":{"template":"highway","default_image_id":0,"font":"","enabled":false},"version":2}},"categories":[2],"tags":[160,264,38],"class_list":["post-471","post","type-post","status-publish","format-standard","has-post-thumbnail","hentry","category-politik","tag-bundestag","tag-direktkandidat","tag-wahl"],"jetpack_publicize_connections":[],"jetpack_featured_media_url":"https:\/\/i0.wp.com\/leichte.news\/wp-content\/uploads\/2021\/09\/w21-peter.jpg?fit=1919%2C2879&ssl=1","jetpack_sharing_enabled":true,"jetpack_shortlink":"https:\/\/wp.me\/p8mLFQ-7B","jetpack_likes_enabled":true,"_links":{"self":[{"href":"https:\/\/leichte.news\/index.php?rest_route=\/wp\/v2\/posts\/471","targetHints":{"allow":["GET"]}}],"collection":[{"href":"https:\/\/leichte.news\/index.php?rest_route=\/wp\/v2\/posts"}],"about":[{"href":"https:\/\/leichte.news\/index.php?rest_route=\/wp\/v2\/types\/post"}],"author":[{"embeddable":true,"href":"https:\/\/leichte.news\/index.php?rest_route=\/wp\/v2\/users\/1"}],"replies":[{"embeddable":true,"href":"https:\/\/leichte.news\/index.php?rest_route=%2Fwp%2Fv2%2Fcomments&post=471"}],"version-history":[{"count":1,"href":"https:\/\/leichte.news\/index.php?rest_route=\/wp\/v2\/posts\/471\/revisions"}],"predecessor-version":[{"id":487,"href":"https:\/\/leichte.news\/index.php?rest_route=\/wp\/v2\/posts\/471\/revisions\/487"}],"wp:featuredmedia":[{"embeddable":true,"href":"https:\/\/leichte.news\/index.php?rest_route=\/wp\/v2\/media\/486"}],"wp:attachment":[{"href":"https:\/\/leichte.news\/index.php?rest_route=%2Fwp%2Fv2%2Fmedia&parent=471"}],"wp:term":[{"taxonomy":"category","embeddable":true,"href":"https:\/\/leichte.news\/index.php?rest_route=%2Fwp%2Fv2%2Fcategories&post=471"},{"taxonomy":"post_tag","embeddable":true,"href":"https:\/\/leichte.news\/index.php?rest_route=%2Fwp%2Fv2%2Ftags&post=471"}],"curies":[{"name":"wp","href":"https:\/\/api.w.org\/{rel}","templated":true}]}}