{"id":469,"date":"2021-09-03T12:12:49","date_gmt":"2021-09-03T10:12:49","guid":{"rendered":"http:\/\/leichte.news\/?p=469"},"modified":"2021-09-03T12:12:49","modified_gmt":"2021-09-03T10:12:49","slug":"schreiben-und-lesen-lernen-die-vhs-gibt-kurse-dafuer","status":"publish","type":"post","link":"https:\/\/leichte.news\/?p=469","title":{"rendered":"Schreiben und Lesen lernen: Die VHS gibt Kurse daf\u00fcr"},"content":{"rendered":"<p>Nicht alle k\u00f6nnen lesen und schreiben. Darum geht es beim &#8222;Welttag zur Alphabetisierung&#8220; am 8. September. <!--more--><br \/>\nAuch in Deutschland gibt es etwa 6,2 Millionen Erwachsene, die diesen Text nicht lesen k\u00f6nnten. Das haben Studien gezeigt.<br \/>\nDarum hat die UNESCO den &#8222;Weltalphabetisierungstag&#8220; ausgerufen. Er ist jedes Jahr am 8. September. An diesem Tag wird darauf hingewiesen, dass viele Menschen weder lesen noch schreiben k\u00f6nnen.<br \/>\nDie Volkshochschule Marburg (vhs) macht an diesem Tag auf ihre Grundbildungskurse aufmerksam. Alle Interessierten k\u00f6nnen dort ihre Kenntnisse im Lesen und Schreiben verbessern. Die Kurse finden einmal oder zweimal w\u00f6chentlich vormittags oder abends statt.<br \/>\nGearbeitet wird in sehr kleinen Gruppen. Ein Einstieg ist nach einem ersten Gespr\u00e4ch mit der Kursleiterin jederzeit m\u00f6glich. Die Kurse finden zur Zeit in Pr\u00e4senz unter Einhaltung der aktuellen Corona-Schutzregeln statt.<br \/>\nDie Kurse werden in Kooperation mit der vhs des Landkreises Marburg-Biedenkopf durchgef\u00fchrt. Ein erstes unverbindliches Gespr\u00e4ch in der vhs k\u00f6nnen Interessierte unter der Telefonnummer 06421\/201-1464 vereinbaren.<\/p>\n<p>* pm: stadt Marburg<br \/>\n<a href=\"https:\/\/leichte.news\/audio\/182.mp3\"><img data-recalc-dims=\"1\" loading=\"lazy\" decoding=\"async\" src=\"https:\/\/i0.wp.com\/hoer.leichte.news\/play.jpg?resize=20%2C20\" alt=\"Abspielen\" width=\"20\" height=\"20\" \/><\/a><br \/>\nM\u00f6chtest Du diesen Text h\u00f6ren? Du kannst Ihn Dir hier auch <a href=\"https:\/\/leichte.news\/audio\/182.mp3\">vorlesen<\/a> lassen.<\/p>\n","protected":false},"excerpt":{"rendered":"<p>Nicht alle k\u00f6nnen lesen und schreiben. Darum geht es beim &#8222;Welttag zur Alphabetisierung&#8220; am 8. September.<\/p>\n","protected":false},"author":1,"featured_media":0,"comment_status":"closed","ping_status":"open","sticky":false,"template":"","format":"standard","meta":{"jetpack_post_was_ever_published":false,"_jetpack_newsletter_access":"","_jetpack_dont_email_post_to_subs":false,"_jetpack_newsletter_tier_id":0,"_jetpack_memberships_contains_paywalled_content":false,"_jetpack_memberships_contains_paid_content":false,"footnotes":"","jetpack_publicize_message":"","jetpack_publicize_feature_enabled":true,"jetpack_social_post_already_shared":true,"jetpack_social_options":{"image_generator_settings":{"template":"highway","default_image_id":0,"font":"","enabled":false},"version":2}},"categories":[5],"tags":[261,262,29],"class_list":["post-469","post","type-post","status-publish","format-standard","hentry","category-bildung","tag-alphabetisierung","tag-lesen","tag-schreiben"],"jetpack_publicize_connections":[],"jetpack_featured_media_url":"","jetpack_sharing_enabled":true,"jetpack_shortlink":"https:\/\/wp.me\/p8mLFQ-7z","jetpack_likes_enabled":true,"_links":{"self":[{"href":"https:\/\/leichte.news\/index.php?rest_route=\/wp\/v2\/posts\/469","targetHints":{"allow":["GET"]}}],"collection":[{"href":"https:\/\/leichte.news\/index.php?rest_route=\/wp\/v2\/posts"}],"about":[{"href":"https:\/\/leichte.news\/index.php?rest_route=\/wp\/v2\/types\/post"}],"author":[{"embeddable":true,"href":"https:\/\/leichte.news\/index.php?rest_route=\/wp\/v2\/users\/1"}],"replies":[{"embeddable":true,"href":"https:\/\/leichte.news\/index.php?rest_route=%2Fwp%2Fv2%2Fcomments&post=469"}],"version-history":[{"count":0,"href":"https:\/\/leichte.news\/index.php?rest_route=\/wp\/v2\/posts\/469\/revisions"}],"wp:attachment":[{"href":"https:\/\/leichte.news\/index.php?rest_route=%2Fwp%2Fv2%2Fmedia&parent=469"}],"wp:term":[{"taxonomy":"category","embeddable":true,"href":"https:\/\/leichte.news\/index.php?rest_route=%2Fwp%2Fv2%2Fcategories&post=469"},{"taxonomy":"post_tag","embeddable":true,"href":"https:\/\/leichte.news\/index.php?rest_route=%2Fwp%2Fv2%2Ftags&post=469"}],"curies":[{"name":"wp","href":"https:\/\/api.w.org\/{rel}","templated":true}]}}