{"id":440,"date":"2021-02-18T12:48:56","date_gmt":"2021-02-18T11:48:56","guid":{"rendered":"http:\/\/leichte.news\/?p=440"},"modified":"2021-02-19T11:41:31","modified_gmt":"2021-02-19T10:41:31","slug":"renate-bastian-linke-moechte-oberbuergermeisterin-werden","status":"publish","type":"post","link":"https:\/\/leichte.news\/?p=440","title":{"rendered":"Renate Bastian: Linke m\u00f6chte Oberb\u00fcrgermeisterin werden"},"content":{"rendered":"<p>&#8222;Mehr bezahlbarer Wohnraum ist meine wichtigste Forderung f\u00fcr die Stadtentwicklung&#8220;, sagt Renate Bastian. Die Journalistin m\u00f6chte Oberb\u00fcrgermeisterin werden. <!--more--><br \/>\nBei der Wahl am 14. M\u00e4rz 2021 kandidiert sie f\u00fcr die Linke. Bastian ist Journalistin. Sie ist 76 Jahre alt.<br \/>\nSie ist Fraktionsvorsitzende der Marburger Linken im Stadtparlament. Mit der Arbeit in der Stadtverordnetenversammlung (StVV) ist sie seit vielen Jahren vertraut.<br \/>\n&#8222;In den vergangenen Jahren ist ziemlich wahllos Wohnraum geschaffen worden&#8220;, erkl\u00e4rt sie. Doch das waren oft teure Wohnungen. Arme Leute und Familien k\u00f6nnen sie nicht bezahlen.<br \/>\nJedes f\u00fcnfte Kind in Marburg lebt an der Armutsgrenze. Corona wird f\u00fcr arme Familien zu einem gro\u00dfen Problem. Doch die Reichen werden w\u00e4hrend der Pandemie noch reicher.<br \/>\nHinzu kommt der Klimawandel. Er darf die benachteiligten Menschen nicht besonders hart treffen. Darauf will Bastian aufpassen.<br \/>\nEin wichtiges Anliegen sind ihr die Gefl\u00fcchteten. Doch die Stadt darf leider nicht mehr Fl\u00fcchtlinge aufnehmen. &#8222;Das ist ein unglaublicher Skandal&#8220;, emp\u00f6rt sich Bastian.<br \/>\nDie Situation von Gefl\u00fcchteten kennt sie aus eigener Erfahrung. Geboren wurde sie im Sudetenland. Von dort kam sie kurz nach dem Ende des Zweiten Weltkriegs nach Westdeutschland.<br \/>\nNach Marburg kam sie 1966. An der Philipps-Universit\u00e4t hat sie Politikwissenschaft, Soziologie und Osteurop\u00e4ische Geschichte studiert. Die Menschen sollten aus der Geschichte lernen, meint sie.<br \/>\nDas hilft gegen Rechtspopulismus und Rassismus. In der Universit\u00e4tsstadt herrscht aber ein menschenfreundliches Klima. Dazu hat auch die Linke beigetragen, meint sie.<br \/>\nF\u00fcr Marburg w\u00fcnscht sie sich ein Stadtmuseum. Marburg hat eine sehr interessante Geschichte. Leider gibt es aber kein Museum daf\u00fcr.<br \/>\nBei der Wahl hofft sie auf viele Stimmen. &#8222;Ein gutes Ergebnis f\u00fcr mich kann auch die Linke im Stadtparlament st\u00e4rken&#8220;, w\u00fcnscht sich Bastian.<\/p>\n<p>* Franz-Josef Hanke<br \/>\n<a href=\"https:\/\/leichte.news\/audio\/172.mp3\"><img data-recalc-dims=\"1\" loading=\"lazy\" decoding=\"async\" src=\"https:\/\/i0.wp.com\/hoer.leichte.news\/play.jpg?resize=20%2C20\" alt=\"Abspielen\" height=\"20\" width=\"20\"><\/a><br \/>\nM\u00f6chtest Du diesen Text h\u00f6ren? Du kannst Ihn Dir hier auch <a href=\"https:\/\/leichte.news\/audio\/172.mp3\">vorlesen<\/a> lassen.<\/p>\n","protected":false},"excerpt":{"rendered":"<p>&#8222;Mehr bezahlbarer Wohnraum ist meine wichtigste Forderung f\u00fcr die Stadtentwicklung&#8220;, sagt Renate Bastian. Die Journalistin m\u00f6chte Oberb\u00fcrgermeisterin werden.<\/p>\n","protected":false},"author":1,"featured_media":454,"comment_status":"closed","ping_status":"open","sticky":false,"template":"","format":"standard","meta":{"jetpack_post_was_ever_published":false,"_jetpack_newsletter_access":"","_jetpack_dont_email_post_to_subs":false,"_jetpack_newsletter_tier_id":0,"_jetpack_memberships_contains_paywalled_content":false,"_jetpack_memberships_contains_paid_content":false,"footnotes":"","jetpack_publicize_message":"","jetpack_publicize_feature_enabled":true,"jetpack_social_post_already_shared":true,"jetpack_social_options":{"image_generator_settings":{"template":"highway","default_image_id":0,"font":"","enabled":false},"version":2}},"categories":[2],"tags":[259,58,38],"class_list":["post-440","post","type-post","status-publish","format-standard","has-post-thumbnail","hentry","category-politik","tag-bastian","tag-oberbuergermeister","tag-wahl"],"jetpack_publicize_connections":[],"jetpack_featured_media_url":"https:\/\/i0.wp.com\/leichte.news\/wp-content\/uploads\/2021\/02\/renate-bastian.jpg?fit=1920%2C2880&ssl=1","jetpack_sharing_enabled":true,"jetpack_shortlink":"https:\/\/wp.me\/p8mLFQ-76","jetpack_likes_enabled":true,"_links":{"self":[{"href":"https:\/\/leichte.news\/index.php?rest_route=\/wp\/v2\/posts\/440","targetHints":{"allow":["GET"]}}],"collection":[{"href":"https:\/\/leichte.news\/index.php?rest_route=\/wp\/v2\/posts"}],"about":[{"href":"https:\/\/leichte.news\/index.php?rest_route=\/wp\/v2\/types\/post"}],"author":[{"embeddable":true,"href":"https:\/\/leichte.news\/index.php?rest_route=\/wp\/v2\/users\/1"}],"replies":[{"embeddable":true,"href":"https:\/\/leichte.news\/index.php?rest_route=%2Fwp%2Fv2%2Fcomments&post=440"}],"version-history":[{"count":1,"href":"https:\/\/leichte.news\/index.php?rest_route=\/wp\/v2\/posts\/440\/revisions"}],"predecessor-version":[{"id":455,"href":"https:\/\/leichte.news\/index.php?rest_route=\/wp\/v2\/posts\/440\/revisions\/455"}],"wp:featuredmedia":[{"embeddable":true,"href":"https:\/\/leichte.news\/index.php?rest_route=\/wp\/v2\/media\/454"}],"wp:attachment":[{"href":"https:\/\/leichte.news\/index.php?rest_route=%2Fwp%2Fv2%2Fmedia&parent=440"}],"wp:term":[{"taxonomy":"category","embeddable":true,"href":"https:\/\/leichte.news\/index.php?rest_route=%2Fwp%2Fv2%2Fcategories&post=440"},{"taxonomy":"post_tag","embeddable":true,"href":"https:\/\/leichte.news\/index.php?rest_route=%2Fwp%2Fv2%2Ftags&post=440"}],"curies":[{"name":"wp","href":"https:\/\/api.w.org\/{rel}","templated":true}]}}