{"id":438,"date":"2021-02-18T12:46:08","date_gmt":"2021-02-18T11:46:08","guid":{"rendered":"http:\/\/leichte.news\/?p=438"},"modified":"2021-02-19T11:33:57","modified_gmt":"2021-02-19T10:33:57","slug":"mariele-diehl-klimaschuetzerin-moechte-oberbuergermeisterin-werden","status":"publish","type":"post","link":"https:\/\/leichte.news\/?p=438","title":{"rendered":"Mariele Diehl: Klimasch\u00fctzerin m\u00f6chte Oberb\u00fcrgermeisterin werden"},"content":{"rendered":"<p>&#8222;Wir m\u00fcssen m\u00f6glichst viele Menschen zusammenbringen&#8220;, sagt Mariele Diehl. Die Studentin m\u00f6chte Oberb\u00fcrgermeisterin werden. <!--more--><br \/>\nBei der Wahl am 14. M\u00e4rz 2021 kandidiert sie f\u00fcr die &#8222;Klimaliste&#8220;. Diehl studiert Psychologie. Sie ist 20 Jahre alt.<br \/>\nAu\u00dferdem ist sie aktiv bei der Klimagruppe &#8222;MarburgZero&#8220;. Diese Gruppe erstellt ein Konzept f\u00fcr mehr Klimaschutz. Bis 2030 soll Marburg klimaneutral werden.<br \/>\n&#8222;Ein wichtiger Faktor dabei ist der Verkehr&#8220;, erkl\u00e4rt Diehl. &#8222;Wir m\u00fcssen den Autoverkehr durch mehr Rad- und Fu\u00dfverkehr sowie einen besseren \u00d6PNV ersetzen.&#8220;<br \/>\nDas geht aber nicht &#8222;von oben herab&#8220;. Darum hat Diehl die Gruppe &#8222;Initiative Psychologie im Umweltschutz Marburg&#8220; mitgegr\u00fcndet. Damit m\u00f6chte sie viele Menschen f\u00fcr mehr aktiven Klimaschutz gewinnen.<br \/>\nDie Menschen sollten \u00fcber ihren Lebensstil nachdenken. Vielleicht essen sie dann weniger Fleisch, hofft Diehl.<br \/>\n&#8222;Aber die Last der Ver\u00e4nderung darf nicht einfach auf die Menschen abgeladen werden&#8220;, fordert sie. Der Staat muss den Rahmen f\u00fcr mehr aktiven Klimaschutz schaffen.<br \/>\n&#8222;\u00d6l- und Gasheizungen m\u00fcssen durch Elektroheizungen mit Strom aus Wind- und Solarenergie ersetzt werden&#8220;, verlangt Diehl. Auch H\u00e4user m\u00fcssen schnell saniert werden.<br \/>\nDie Kosten d\u00fcrfenaber nicht bei den Mieterinnen und Mietern landen, warnt sie. Klimaschutz soll nicht bei den sozial benachteiligten Bev\u00f6lkerungsgruppen beginnen. Schlie\u00dflich haben Erwerbslose und Alleinerziehende oder Familienmitglieder in aller Regel schon jetzt den geringsten \u00f6kologischen Fu\u00dfabdruck.<br \/>\nDiehl w\u00fcnscht sich auch mehr Gemeinschaft. Das kann eine Stadtteilkantine oder ein Dorfbackhaus sein. Wichtig ist dabei aber immer die Freiwilligkeit.<br \/>\nZudem ist sie f\u00fcr die Freilegung versiegelter Fl\u00e4chen. Das hilft gegen Hochwasser im Winter und Hitze im Sommer.<br \/>\n2018 ist Diehl aus Essen zum Studium nach Marburg gekommen. Erst hat sie sich f\u00fcr den Klimaschutz eingesetzt. Dann hat sie sich auch mit Kommunalpolitik besch\u00e4ftigt.<br \/>\nMit ihrer Kandidatur m\u00f6chte Diehl ein Zeichen setzen. Damit erhebt &#8222;der Klimaschutz Anspruch auf eine Spitzenposition im Rathaus&#8220;.<\/p>\n<p>* Franz-Josef Hanke<br \/>\n<a href=\"https:\/\/leichte.news\/audio\/174.mp3\"><img data-recalc-dims=\"1\" loading=\"lazy\" decoding=\"async\" src=\"https:\/\/i0.wp.com\/hoer.leichte.news\/play.jpg?resize=20%2C20\" alt=\"Abspielen\" height=\"20\" width=\"20\"><\/a><br \/>\nM\u00f6chtest Du diesen Text h\u00f6ren? Du kannst Ihn Dir hier auch <a href=\"https:\/\/leichte.news\/audio\/174.mp3\">vorlesen<\/a> lassen.<\/p>\n","protected":false},"excerpt":{"rendered":"<p>&#8222;Wir m\u00fcssen m\u00f6glichst viele Menschen zusammenbringen&#8220;, sagt Mariele Diehl. Die Studentin m\u00f6chte Oberb\u00fcrgermeisterin werden.<\/p>\n","protected":false},"author":1,"featured_media":450,"comment_status":"closed","ping_status":"open","sticky":false,"template":"","format":"standard","meta":{"jetpack_post_was_ever_published":false,"_jetpack_newsletter_access":"","_jetpack_dont_email_post_to_subs":false,"_jetpack_newsletter_tier_id":0,"_jetpack_memberships_contains_paywalled_content":false,"_jetpack_memberships_contains_paid_content":false,"footnotes":"","jetpack_publicize_message":"","jetpack_publicize_feature_enabled":true,"jetpack_social_post_already_shared":true,"jetpack_social_options":{"image_generator_settings":{"template":"highway","default_image_id":0,"font":"","enabled":false},"version":2}},"categories":[2],"tags":[257,58,38],"class_list":["post-438","post","type-post","status-publish","format-standard","has-post-thumbnail","hentry","category-politik","tag-diehl","tag-oberbuergermeister","tag-wahl"],"jetpack_publicize_connections":[],"jetpack_featured_media_url":"https:\/\/i0.wp.com\/leichte.news\/wp-content\/uploads\/2021\/02\/mariele-diehl.jpeg?fit=3024%2C4032&ssl=1","jetpack_sharing_enabled":true,"jetpack_shortlink":"https:\/\/wp.me\/p8mLFQ-74","jetpack_likes_enabled":true,"_links":{"self":[{"href":"https:\/\/leichte.news\/index.php?rest_route=\/wp\/v2\/posts\/438","targetHints":{"allow":["GET"]}}],"collection":[{"href":"https:\/\/leichte.news\/index.php?rest_route=\/wp\/v2\/posts"}],"about":[{"href":"https:\/\/leichte.news\/index.php?rest_route=\/wp\/v2\/types\/post"}],"author":[{"embeddable":true,"href":"https:\/\/leichte.news\/index.php?rest_route=\/wp\/v2\/users\/1"}],"replies":[{"embeddable":true,"href":"https:\/\/leichte.news\/index.php?rest_route=%2Fwp%2Fv2%2Fcomments&post=438"}],"version-history":[{"count":1,"href":"https:\/\/leichte.news\/index.php?rest_route=\/wp\/v2\/posts\/438\/revisions"}],"predecessor-version":[{"id":451,"href":"https:\/\/leichte.news\/index.php?rest_route=\/wp\/v2\/posts\/438\/revisions\/451"}],"wp:featuredmedia":[{"embeddable":true,"href":"https:\/\/leichte.news\/index.php?rest_route=\/wp\/v2\/media\/450"}],"wp:attachment":[{"href":"https:\/\/leichte.news\/index.php?rest_route=%2Fwp%2Fv2%2Fmedia&parent=438"}],"wp:term":[{"taxonomy":"category","embeddable":true,"href":"https:\/\/leichte.news\/index.php?rest_route=%2Fwp%2Fv2%2Fcategories&post=438"},{"taxonomy":"post_tag","embeddable":true,"href":"https:\/\/leichte.news\/index.php?rest_route=%2Fwp%2Fv2%2Ftags&post=438"}],"curies":[{"name":"wp","href":"https:\/\/api.w.org\/{rel}","templated":true}]}}