{"id":417,"date":"2020-10-18T16:14:36","date_gmt":"2020-10-18T14:14:36","guid":{"rendered":"http:\/\/leichte.news\/?p=417"},"modified":"2020-10-18T16:14:36","modified_gmt":"2020-10-18T14:14:36","slug":"strengere-regeln-immer-mehr-ansteckungen-mit-corona","status":"publish","type":"post","link":"https:\/\/leichte.news\/?p=417","title":{"rendered":"Strengere Regeln: Immer mehr Ansteckungen mit Corona"},"content":{"rendered":"<p>Corona kommt wieder zur\u00fcck. Darum erl\u00e4sst der Landkreis sch\u00e4rfere Regeln. <!--more--><br \/>\nSie treten am Montag (19. Oktober) in Kraft. Dann d\u00fcrfen nicht mehr als zehn Menschen aus zwei Haushalten zusammen feiern. Veranstaltungen werden auf h\u00f6chstens hundert Leute begrenzt.<br \/>\nAbends um 23 Uhr m\u00fcssen Kneipen und Gastst\u00e4tten zumachen. Bis 6 Uhr morgens darf niemand Alkohol verkaufen. Auf Stra\u00dfen und Pl\u00e4tzen darf man keinen alkohol trinken.<br \/>\nInnerhalb von sieben Tagen ist die Zahl der Corona-Infektionen im Landkreis Marburg-Biedenkopf von 623 auf 807 gestiegen. Das ist eine &#8222;Inzidenz&#8220; von 74,6.<br \/>\nAm Mittwoch (14. Oktober) verzeichnete der Kreis 24 neue Ansteckungen mit dem Corona-Virus. Am Donnerstag waren es sogar 46 an einem einzigen Tag. Am Freitag waren es 42 und dann bis Sonntag (18. Oktober) noch einmal 61 weitere.<br \/>\nAlle Menschen sollten immer Abstand halten. Au\u00dferdem sollen sie eine Maske tragen. Schlie\u00dflich soll man sich die H\u00e4nde immer gr\u00fcndlich waschen.<br \/>\nInzwischen sind <a href=\"https:\/\/leichte.news\/?p=416\">im Landkreis f\u00fcnf Menschen<\/a> an Covid 19 gestorben. In ganz Europa und vielen anderen L\u00e4ndern steigt die Zahl der Infektionen und der Toten. Das Corona-Virus ist sehr gef\u00e4hrlich.<\/p>\n<p>* Franz-Josef Hanke<br \/>\n<a href=\"https:\/\/leichte.news\/audio\/162.mp3\"><img data-recalc-dims=\"1\" loading=\"lazy\" decoding=\"async\" src=\"https:\/\/i0.wp.com\/hoer.leichte.news\/play.jpg?resize=20%2C20\" alt=\"Abspielen\" width=\"20\" height=\"20\" \/><\/a><br \/>\nM\u00f6chtest Du diesen Text h\u00f6ren? Du kannst Ihn Dir hier auch <a href=\"https:\/\/leichte.news\/audio\/162.mp3\">vorlesen<\/a> lassen.<\/p>\n","protected":false},"excerpt":{"rendered":"<p>Corona kommt wieder zur\u00fcck. Darum erl\u00e4sst der Landkreis sch\u00e4rfere Regeln.<\/p>\n","protected":false},"author":1,"featured_media":0,"comment_status":"closed","ping_status":"open","sticky":false,"template":"","format":"standard","meta":{"jetpack_post_was_ever_published":false,"_jetpack_newsletter_access":"","_jetpack_dont_email_post_to_subs":false,"_jetpack_newsletter_tier_id":0,"_jetpack_memberships_contains_paywalled_content":false,"_jetpack_memberships_contains_paid_content":false,"footnotes":"","jetpack_publicize_message":"","jetpack_publicize_feature_enabled":true,"jetpack_social_post_already_shared":true,"jetpack_social_options":{"image_generator_settings":{"template":"highway","default_image_id":0,"font":"","enabled":false},"version":2}},"categories":[2,4],"tags":[248,249,250],"class_list":["post-417","post","type-post","status-publish","format-standard","hentry","category-politik","category-soziales","tag-corona","tag-regeln","tag-tod"],"jetpack_publicize_connections":[],"jetpack_featured_media_url":"","jetpack_sharing_enabled":true,"jetpack_shortlink":"https:\/\/wp.me\/p8mLFQ-6J","jetpack_likes_enabled":true,"_links":{"self":[{"href":"https:\/\/leichte.news\/index.php?rest_route=\/wp\/v2\/posts\/417","targetHints":{"allow":["GET"]}}],"collection":[{"href":"https:\/\/leichte.news\/index.php?rest_route=\/wp\/v2\/posts"}],"about":[{"href":"https:\/\/leichte.news\/index.php?rest_route=\/wp\/v2\/types\/post"}],"author":[{"embeddable":true,"href":"https:\/\/leichte.news\/index.php?rest_route=\/wp\/v2\/users\/1"}],"replies":[{"embeddable":true,"href":"https:\/\/leichte.news\/index.php?rest_route=%2Fwp%2Fv2%2Fcomments&post=417"}],"version-history":[{"count":0,"href":"https:\/\/leichte.news\/index.php?rest_route=\/wp\/v2\/posts\/417\/revisions"}],"wp:attachment":[{"href":"https:\/\/leichte.news\/index.php?rest_route=%2Fwp%2Fv2%2Fmedia&parent=417"}],"wp:term":[{"taxonomy":"category","embeddable":true,"href":"https:\/\/leichte.news\/index.php?rest_route=%2Fwp%2Fv2%2Fcategories&post=417"},{"taxonomy":"post_tag","embeddable":true,"href":"https:\/\/leichte.news\/index.php?rest_route=%2Fwp%2Fv2%2Ftags&post=417"}],"curies":[{"name":"wp","href":"https:\/\/api.w.org\/{rel}","templated":true}]}}