{"id":416,"date":"2020-10-11T16:09:41","date_gmt":"2020-10-11T14:09:41","guid":{"rendered":"http:\/\/leichte.news\/?p=416"},"modified":"2020-10-11T16:09:41","modified_gmt":"2020-10-11T14:09:41","slug":"kreis-warnt-frau-starb-mit-corona","status":"publish","type":"post","link":"https:\/\/leichte.news\/?p=416","title":{"rendered":"Kreis warnt: Frau starb mit Corona"},"content":{"rendered":"<p>Eine 75 Jahre alte Frau ist an Corona gestorben. Sie ist das f\u00fcnfte Todesopfer im Kreis. <!--more--><br \/>\nSeit M\u00e4rz wurden im Landkreis Marburg-Biedenkopf 623 Corona-Infektionen nachgewiesen. 478 Menschen sind wieder genesen. Am Sonntag (11. Oktober) gab es im Kreis 140 akute F\u00e4lle.<br \/>\nIm Juli gab es <a href=\"https:\/\/leichte.news\/?p=413\">im Kreis keinen einzigen Fall<\/a> mehr. Doch dann kam das Virus wieder zur\u00fcck. Die zweite Welle der Pandemie rolltjetzt \u00fcber ganz Europa hinweg<br \/>\nBei der Firma Seidel hat das Virus viele Besch\u00e4ftigte getroffen. Zwei Fabriken wurden stillgelegt. Inzwischen l\u00e4uft die Produktion in der Fabrik aber wieder an.<br \/>\nAuch das Fl\u00fcchtlingscamp in Neustadt war stark von Corona betroffen. Einige Schulklassen und Kita-Gruppen mussten in Quarant\u00e4ne. Die Zahlen sind immer weiter gestiegen.<br \/>\nAm Samstag (10. Oktober) ist deshalb im Landkreis eine &#8222;Allgemeinverf\u00fcgung&#8220; in Kraft getreten. Sie schreibt einige Regeln f\u00fcr den Alltag vor. Sie sollen das Virus eind\u00e4mmen.<br \/>\nMehr als 25 Menschen sollen nicht zusammen feiern. In Gastst\u00e4tten und Kneipen muss man Mundschutz tragen. Erst am Platz darf man ihn ablegen.<br \/>\nDer Erste Kreisbeigeordnete Marion Zachow mahnte zu vorsicht. Man soll sich immer die H\u00e4nde waschen und Abstand halten. Corona ist immer noch sehr gef\u00e4hrlich.<\/p>\n<p>* Franz-Josef Hanke<br \/>\n<a href=\"https:\/\/leichte.news\/audio\/161.mp3\"><img data-recalc-dims=\"1\" loading=\"lazy\" decoding=\"async\" src=\"https:\/\/i0.wp.com\/hoer.leichte.news\/play.jpg?resize=20%2C20\" alt=\"Abspielen\" width=\"20\" height=\"20\" \/><\/a><br \/>\nM\u00f6chtest Du diesen Text h\u00f6ren? Du kannst Ihn Dir hier auch <a href=\"https:\/\/leichte.news\/audio\/161.mp3\">vorlesen<\/a> lassen.<\/p>\n","protected":false},"excerpt":{"rendered":"<p>Eine 75 Jahre alte Frau ist an Corona gestorben. Sie ist das f\u00fcnfte Todesopfer im Kreis.<\/p>\n","protected":false},"author":1,"featured_media":0,"comment_status":"closed","ping_status":"open","sticky":false,"template":"","format":"standard","meta":{"jetpack_post_was_ever_published":false,"_jetpack_newsletter_access":"","_jetpack_dont_email_post_to_subs":false,"_jetpack_newsletter_tier_id":0,"_jetpack_memberships_contains_paywalled_content":false,"_jetpack_memberships_contains_paid_content":false,"footnotes":"","jetpack_publicize_message":"","jetpack_publicize_feature_enabled":true,"jetpack_social_post_already_shared":true,"jetpack_social_options":{"image_generator_settings":{"template":"highway","default_image_id":0,"font":"","enabled":false},"version":2}},"categories":[2,4],"tags":[248,249,250],"class_list":["post-416","post","type-post","status-publish","format-standard","hentry","category-politik","category-soziales","tag-corona","tag-regeln","tag-tod"],"jetpack_publicize_connections":[],"jetpack_featured_media_url":"","jetpack_sharing_enabled":true,"jetpack_shortlink":"https:\/\/wp.me\/p8mLFQ-6I","jetpack_likes_enabled":true,"_links":{"self":[{"href":"https:\/\/leichte.news\/index.php?rest_route=\/wp\/v2\/posts\/416","targetHints":{"allow":["GET"]}}],"collection":[{"href":"https:\/\/leichte.news\/index.php?rest_route=\/wp\/v2\/posts"}],"about":[{"href":"https:\/\/leichte.news\/index.php?rest_route=\/wp\/v2\/types\/post"}],"author":[{"embeddable":true,"href":"https:\/\/leichte.news\/index.php?rest_route=\/wp\/v2\/users\/1"}],"replies":[{"embeddable":true,"href":"https:\/\/leichte.news\/index.php?rest_route=%2Fwp%2Fv2%2Fcomments&post=416"}],"version-history":[{"count":0,"href":"https:\/\/leichte.news\/index.php?rest_route=\/wp\/v2\/posts\/416\/revisions"}],"wp:attachment":[{"href":"https:\/\/leichte.news\/index.php?rest_route=%2Fwp%2Fv2%2Fmedia&parent=416"}],"wp:term":[{"taxonomy":"category","embeddable":true,"href":"https:\/\/leichte.news\/index.php?rest_route=%2Fwp%2Fv2%2Fcategories&post=416"},{"taxonomy":"post_tag","embeddable":true,"href":"https:\/\/leichte.news\/index.php?rest_route=%2Fwp%2Fv2%2Ftags&post=416"}],"curies":[{"name":"wp","href":"https:\/\/api.w.org\/{rel}","templated":true}]}}