{"id":415,"date":"2020-09-04T15:50:14","date_gmt":"2020-09-04T13:50:14","guid":{"rendered":"http:\/\/leichte.news\/?p=415"},"modified":"2020-09-04T15:50:14","modified_gmt":"2020-09-04T13:50:14","slug":"kluge-idee-bericht-zu-inklusion-in-marburg","status":"publish","type":"post","link":"https:\/\/leichte.news\/?p=415","title":{"rendered":"Kluge Idee: Bericht zu Inklusion in Marburg"},"content":{"rendered":"<p>Die Stadt Marburg hat einen neuen Bericht vorgelegt. Darin geht es um Menschen mit Behinderungen. <!--more--><br \/>\nIn Marburg sollen Menschen mit Behinderungen gleichberechtigt leben. Aber wie steht es wirklich um ihre Teilhabe? Wo gelingt Inklusion besser und wo nicht?<br \/>\nDas zeigt der zweite Teilhabebericht. Die Stadt hat ihn Anfang September ver\u00f6ffentlicht.<br \/>\n&#8222;Etwa 17 Prozent der Menschen in Marburg haben eine Behinderung. Ihre Lage ist Thema in dem Bericht.<br \/>\nDie meisten werden nicht mit Behinderung geboren. Die Behinderung entsteht irgendwann durch eine schwere Krankheit oder einen Unfall. Dann brauchen die Menschen Unterst\u00fctzung.<br \/>\nEinen Beitrag zur Teilhabe liefert das Lebenshilfewerk. Jedes Jahr bringt es einen Bildungs- und Kulturkatalog heraus. Er fasst inklusive Angebote f\u00fcr Bildung, Freizeit und Reisen zusammen.<br \/>\nRund 700 Wohnungen mit wenig Barrieren sind in den letzten drei Jahren entstanden. Alte Wohnungen kann man aber nicht leicht umbauen. Das Pflegeb\u00fcro der Stadt Marburgbietet Behinderten eine Wohnberatung an.<br \/>\nGeh\u00f6rlose bekommen Geb\u00e4rdendolmetscher bezahlt. Au\u00dferdem m\u00f6chte die Stadt mehr Leichte Sprache anbieten. Aber noch haben die Verantwortlichen viel zu tun.<\/p>\n<p>* Franz-Josef Hanke<br \/>\n<a href=\"https:\/\/leichte.news\/audio\/160.mp3\"><img data-recalc-dims=\"1\" loading=\"lazy\" decoding=\"async\" src=\"https:\/\/i0.wp.com\/hoer.leichte.news\/play.jpg?resize=20%2C20\" alt=\"Abspielen\" width=\"20\" height=\"20\" \/><\/a><br \/>\nM\u00f6chtest Du diesen Text h\u00f6ren? Du kannst Ihn Dir hier auch <a href=\"https:\/\/leichte.news\/audio\/160.mp3\">vorlesen<\/a> lassen.<\/p>\n","protected":false},"excerpt":{"rendered":"<p>Die Stadt Marburg hat einen neuen Bericht vorgelegt. Darin geht es um Menschen mit Behinderungen.<\/p>\n","protected":false},"author":1,"featured_media":0,"comment_status":"closed","ping_status":"open","sticky":false,"template":"","format":"standard","meta":{"jetpack_post_was_ever_published":false,"_jetpack_newsletter_access":"","_jetpack_dont_email_post_to_subs":false,"_jetpack_newsletter_tier_id":0,"_jetpack_memberships_contains_paywalled_content":false,"_jetpack_memberships_contains_paid_content":false,"footnotes":"","jetpack_publicize_message":"","jetpack_publicize_feature_enabled":true,"jetpack_social_post_already_shared":true,"jetpack_social_options":{"image_generator_settings":{"template":"highway","default_image_id":0,"font":"","enabled":false},"version":2}},"categories":[4],"tags":[210,76,212],"class_list":["post-415","post","type-post","status-publish","format-standard","hentry","category-soziales","tag-behinderung","tag-inklusion","tag-teilhabe"],"jetpack_publicize_connections":[],"jetpack_featured_media_url":"","jetpack_sharing_enabled":true,"jetpack_shortlink":"https:\/\/wp.me\/p8mLFQ-6H","jetpack_likes_enabled":true,"_links":{"self":[{"href":"https:\/\/leichte.news\/index.php?rest_route=\/wp\/v2\/posts\/415","targetHints":{"allow":["GET"]}}],"collection":[{"href":"https:\/\/leichte.news\/index.php?rest_route=\/wp\/v2\/posts"}],"about":[{"href":"https:\/\/leichte.news\/index.php?rest_route=\/wp\/v2\/types\/post"}],"author":[{"embeddable":true,"href":"https:\/\/leichte.news\/index.php?rest_route=\/wp\/v2\/users\/1"}],"replies":[{"embeddable":true,"href":"https:\/\/leichte.news\/index.php?rest_route=%2Fwp%2Fv2%2Fcomments&post=415"}],"version-history":[{"count":0,"href":"https:\/\/leichte.news\/index.php?rest_route=\/wp\/v2\/posts\/415\/revisions"}],"wp:attachment":[{"href":"https:\/\/leichte.news\/index.php?rest_route=%2Fwp%2Fv2%2Fmedia&parent=415"}],"wp:term":[{"taxonomy":"category","embeddable":true,"href":"https:\/\/leichte.news\/index.php?rest_route=%2Fwp%2Fv2%2Fcategories&post=415"},{"taxonomy":"post_tag","embeddable":true,"href":"https:\/\/leichte.news\/index.php?rest_route=%2Fwp%2Fv2%2Ftags&post=415"}],"curies":[{"name":"wp","href":"https:\/\/api.w.org\/{rel}","templated":true}]}}