{"id":414,"date":"2020-08-15T16:12:40","date_gmt":"2020-08-15T14:12:40","guid":{"rendered":"http:\/\/leichte.news\/?p=414"},"modified":"2020-08-15T16:12:40","modified_gmt":"2020-08-15T14:12:40","slug":"krebs-im-kopf-kirsten-fruendt-wurde-operiert","status":"publish","type":"post","link":"https:\/\/leichte.news\/?p=414","title":{"rendered":"Krebs im Kopf: Kirsten Fr\u00fcndt wurde operiert"},"content":{"rendered":"<p>Landr\u00e4tin Kirsten Fr\u00fcndt ist operiert worden. Ein Tumor wurde aus ihrem Kopf herausgeholt. <!--more--><br \/>\nDie Operation hat knapp sechs Stunden gedauert. Operiert wurde die Landr\u00e4tin in einer Klinik in der Schweiz. Den Krebs hatten \u00c4rzte in der Schweiz entdeckt.<br \/>\nDort war Fr\u00fcndt im Urlaub. Dabei ist sie krank geworden. Bei der Untersuchung haben \u00c4rzte den Hirntumor dann gefunden.<br \/>\nAm Mittwoch (12. August) wurde er ganz herausgeschnitten. Der Landr\u00e4tin geht es jetzt schon wieder viel besser. Sie macht auch schon wieder Witze.<br \/>\nIm M\u00e4rz war auch Oberb\u00fcrgermeister Dr. Thomas Spies an Krebs erkrankt. Anfang April wurde auch er opferiert. Er hatte ein &#8222;Prostatakarzinom&#8220;.<br \/>\nAuch ihm geht es wieder besser. Aber beide konnten einige Wochen lang nicht arbeiten.<br \/>\nGerade jetzt gibt es bei der Stadt und im Kreis aber viel zu tun. Das Corona-Virus hat das ganze Leben durcheinandergebracht. Die Zahl der Ansteckungen steigt seit Anfang August wieder.<br \/>\nAm 10. Juli gab es <a href=\"https:\/\/leichte.news\/?p=413\">keine Corona-Kranken mehr im Kreis<\/a>. Am 14. August waren es schon wieder 17 F\u00e4lle. Nach wie vor m\u00fcssen alle sehr vorsichtig sein.<\/p>\n<p>* Franz-Josef Hanke<br \/>\n<a href=\"https:\/\/leichte.news\/audio\/159.mp3\"><img data-recalc-dims=\"1\" loading=\"lazy\" decoding=\"async\" src=\"https:\/\/i0.wp.com\/hoer.leichte.news\/play.jpg?resize=20%2C20\" alt=\"Abspielen\" width=\"20\" height=\"20\" \/><\/a><br \/>\nM\u00f6chtest Du diesen Text h\u00f6ren? Du kannst Ihn Dir hier auch <a href=\"https:\/\/leichte.news\/audio\/159.mp3\">vorlesen<\/a> lassen.<\/p>\n","protected":false},"excerpt":{"rendered":"<p>Landr\u00e4tin Kirsten Fr\u00fcndt ist operiert worden. Ein Tumor wurde aus ihrem Kopf herausgeholt.<\/p>\n","protected":false},"author":1,"featured_media":0,"comment_status":"closed","ping_status":"open","sticky":false,"template":"","format":"standard","meta":{"jetpack_post_was_ever_published":false,"_jetpack_newsletter_access":"","_jetpack_dont_email_post_to_subs":false,"_jetpack_newsletter_tier_id":0,"_jetpack_memberships_contains_paywalled_content":false,"_jetpack_memberships_contains_paid_content":false,"footnotes":"","jetpack_publicize_message":"","jetpack_publicize_feature_enabled":true,"jetpack_social_post_already_shared":true,"jetpack_social_options":{"image_generator_settings":{"template":"highway","default_image_id":0,"font":"","enabled":false},"version":2}},"categories":[2,4],"tags":[246,221,247],"class_list":["post-414","post","type-post","status-publish","format-standard","hentry","category-politik","category-soziales","tag-kirsten-fruendt","tag-landraetin","tag-operation"],"jetpack_publicize_connections":[],"jetpack_featured_media_url":"","jetpack_sharing_enabled":true,"jetpack_shortlink":"https:\/\/wp.me\/p8mLFQ-6G","jetpack_likes_enabled":true,"_links":{"self":[{"href":"https:\/\/leichte.news\/index.php?rest_route=\/wp\/v2\/posts\/414","targetHints":{"allow":["GET"]}}],"collection":[{"href":"https:\/\/leichte.news\/index.php?rest_route=\/wp\/v2\/posts"}],"about":[{"href":"https:\/\/leichte.news\/index.php?rest_route=\/wp\/v2\/types\/post"}],"author":[{"embeddable":true,"href":"https:\/\/leichte.news\/index.php?rest_route=\/wp\/v2\/users\/1"}],"replies":[{"embeddable":true,"href":"https:\/\/leichte.news\/index.php?rest_route=%2Fwp%2Fv2%2Fcomments&post=414"}],"version-history":[{"count":0,"href":"https:\/\/leichte.news\/index.php?rest_route=\/wp\/v2\/posts\/414\/revisions"}],"wp:attachment":[{"href":"https:\/\/leichte.news\/index.php?rest_route=%2Fwp%2Fv2%2Fmedia&parent=414"}],"wp:term":[{"taxonomy":"category","embeddable":true,"href":"https:\/\/leichte.news\/index.php?rest_route=%2Fwp%2Fv2%2Fcategories&post=414"},{"taxonomy":"post_tag","embeddable":true,"href":"https:\/\/leichte.news\/index.php?rest_route=%2Fwp%2Fv2%2Ftags&post=414"}],"curies":[{"name":"wp","href":"https:\/\/api.w.org\/{rel}","templated":true}]}}