{"id":396,"date":"2020-03-30T15:26:21","date_gmt":"2020-03-30T13:26:21","guid":{"rendered":"http:\/\/leichte.news\/?p=396"},"modified":"2020-06-22T12:53:39","modified_gmt":"2020-06-22T10:53:39","slug":"traurige-nachricht-dr-thomas-schaefer-ist-tot","status":"publish","type":"post","link":"https:\/\/leichte.news\/?p=396","title":{"rendered":"Traurige Nachricht: Dr. Thomas Sch\u00e4fer ist tot"},"content":{"rendered":"<p>Dr. Thomas Sch\u00e4fer ist tot. Fast zehn Jahre lang war er hessischer Finanzminister. <!--more--><br \/>\nAm 28. M\u00e4rz wurde seine Leiche an einer Bahnstrecke im Taunus gefunden. Der Minister hatte sich selbst umgebracht.<br \/>\nVor dem <a href=\"https:\/\/leichte.news\/?p=395\">gef\u00e4hrlichen Coronavirus<\/a> hatte er gro\u00dfe Angst. Das war wohl ein Grund f\u00fcr seinen Freitod. Erst am 24. M\u00e4rz hatte er f\u00fcr das Land Hessenein riesiges Hilfspaket zum Schutz vor den finanziellen Folgen der &#8222;Pandemie&#8220; geschn\u00fcrt.<br \/>\nSch\u00e4fer ist in Biedenkopf aufgewachsen. An der Philipps-Universit\u00e4t hat er Jura studiert. In Marburg hat er auch seinen Doktortitel gekriegt.<br \/>\nSchon mit 14 Jahren ging Sch\u00e4fer in die &#8222;Junge Union&#8220; (JU). Sp\u00e4ter wurde er Vorsitzender der CDU Marburg-Biedenkopf. Nach der Arbeit bei einer gro\u00dfen Bank wurde er B\u00fcroleiter von Justizminister Dr. Christean Wagner und sp\u00e4ter von Ministerpr\u00e4sident Roland Koch.<br \/>\nDer Mann aus Biedenkopf war sehr hilfsbereit. Au\u00dferdem hatte er viel Humor. Sch\u00e4fer hinterl\u00e4sst eine Ehefrau und zwei Kinder.<br \/>\nViele Menschen sind sehr traurig \u00fcber seinen Tod. In Hessen war er ein wichtiger Mann. Ministerpr\u00e4sident Volker Bouffier wollte ihn sogar zu seinem Nachfolger machen.<\/p>\n<p>* Franz-Josef Hanke<br \/>\n<a href=\"https:\/\/leichte.news\/audio\/154.mp3\"><img data-recalc-dims=\"1\" loading=\"lazy\" decoding=\"async\" src=\"https:\/\/i0.wp.com\/hoer.leichte.news\/play.jpg?resize=20%2C20\" alt=\"Abspielen\" width=\"20\" height=\"20\"><\/a><br \/>\nM\u00f6chtest Du diesen Text h\u00f6ren? Du kannst Ihn Dir hier auch <a href=\"https:\/\/leichte.news\/audio\/154.mp3\">vorlesen<\/a> lassen.<\/p>\n","protected":false},"excerpt":{"rendered":"<p>Dr. Thomas Sch\u00e4fer ist tot. Fast zehn Jahre lang war er hessischer Finanzminister.<\/p>\n","protected":false},"author":1,"featured_media":0,"comment_status":"closed","ping_status":"open","sticky":false,"template":"","format":"standard","meta":{"jetpack_post_was_ever_published":false,"_jetpack_newsletter_access":"","_jetpack_dont_email_post_to_subs":false,"_jetpack_newsletter_tier_id":0,"_jetpack_memberships_contains_paywalled_content":false,"_jetpack_memberships_contains_paid_content":false,"footnotes":"","jetpack_publicize_message":"","jetpack_publicize_feature_enabled":true,"jetpack_social_post_already_shared":true,"jetpack_social_options":{"image_generator_settings":{"template":"highway","default_image_id":0,"font":"","enabled":false},"version":2}},"categories":[2],"tags":[237,240,241],"class_list":["post-396","post","type-post","status-publish","format-standard","hentry","category-politik","tag-coronavirus","tag-finanzminister","tag-schaefer"],"jetpack_publicize_connections":[],"jetpack_featured_media_url":"","jetpack_sharing_enabled":true,"jetpack_shortlink":"https:\/\/wp.me\/p8mLFQ-6o","jetpack_likes_enabled":true,"_links":{"self":[{"href":"https:\/\/leichte.news\/index.php?rest_route=\/wp\/v2\/posts\/396","targetHints":{"allow":["GET"]}}],"collection":[{"href":"https:\/\/leichte.news\/index.php?rest_route=\/wp\/v2\/posts"}],"about":[{"href":"https:\/\/leichte.news\/index.php?rest_route=\/wp\/v2\/types\/post"}],"author":[{"embeddable":true,"href":"https:\/\/leichte.news\/index.php?rest_route=\/wp\/v2\/users\/1"}],"replies":[{"embeddable":true,"href":"https:\/\/leichte.news\/index.php?rest_route=%2Fwp%2Fv2%2Fcomments&post=396"}],"version-history":[{"count":1,"href":"https:\/\/leichte.news\/index.php?rest_route=\/wp\/v2\/posts\/396\/revisions"}],"predecessor-version":[{"id":412,"href":"https:\/\/leichte.news\/index.php?rest_route=\/wp\/v2\/posts\/396\/revisions\/412"}],"wp:attachment":[{"href":"https:\/\/leichte.news\/index.php?rest_route=%2Fwp%2Fv2%2Fmedia&parent=396"}],"wp:term":[{"taxonomy":"category","embeddable":true,"href":"https:\/\/leichte.news\/index.php?rest_route=%2Fwp%2Fv2%2Fcategories&post=396"},{"taxonomy":"post_tag","embeddable":true,"href":"https:\/\/leichte.news\/index.php?rest_route=%2Fwp%2Fv2%2Ftags&post=396"}],"curies":[{"name":"wp","href":"https:\/\/api.w.org\/{rel}","templated":true}]}}