{"id":391,"date":"2020-01-22T18:01:52","date_gmt":"2020-01-22T17:01:52","guid":{"rendered":"http:\/\/leichte.news\/?p=391"},"modified":"2020-06-22T12:44:04","modified_gmt":"2020-06-22T10:44:04","slug":"bis-15-april-vorschlaege-zum-juergen-markus-preis-fuer-inklusion","status":"publish","type":"post","link":"https:\/\/leichte.news\/?p=391","title":{"rendered":"Bis 15. April: Vorschl\u00e4ge zum J\u00fcrgen-Markus-Preis f\u00fcr Inklusion"},"content":{"rendered":"<p>Die Stadt Marburg vergibt einen Preis f\u00fcr Inklusion. Bis zum 15. April k\u00f6nnen Interessierte Vorschl\u00e4ge daf\u00fcr einreichen. <!--more--><br \/>\nBenannt ist dieser Preis nach J\u00fcrgen Markus. Er wurde 1957 in Bad Driburg geboren. Bei einem Unfall hat er 1982 eine Behinderung erlitten.<br \/>\nDanach sa\u00df er im Rollstuhl. Er hat die Kr\u00fcppel-Initiative Marburg (KrIM) und den Verein &#8222;FIB&#8220; mitgegr\u00fcndet. Au\u00dferdem war er Stadtverordneter der Gr\u00fcnen.<br \/>\n2010 ist Markus mit nur 52 Jahren gestorben. 2012 hat die Stadt Marburg dann zum ersten Mal den J\u00fcrgen-Markus-Preis vergeben. Seither wird der Preis alle zwei Jahre ausgeschrieben.<br \/>\nDen Preis k\u00f6nnen Projekte zur Inklusion von Behinderten bekommen. Dazu erhalten sie Geld. Insgesamt gibt es 20.000 Euro.<br \/>\nDieses Geld wurde bisher aber fast immer auf mehrere Projekte aufgeteilt. 15.000 Euro hat 2018 der Verein &#8222;Freunde des Kunstmuseums&#8220; bekommen. Damit wurde das Museum barrierefrei umgestaltet.<br \/>\nPr\u00e4miert werden auch Projekte f\u00fcr Leichte Sprache. Die Bedingungen f\u00fcr die Ausschreibung k\u00f6nnen Interessierte bei der Stadt erfahren. Im Internet gibt es auch ein Formular daf\u00fcr unter <a href=\"http:\/\/www.marburg.de\/juergen-markus-preis\">www.marburg.de\/juergen-markus-preis<\/a>.<\/p>\n<p>* Franz-Josef Hanke<br \/>\n<a href=\"https:\/\/leichte.news\/audio\/149.mp3\"><img data-recalc-dims=\"1\" loading=\"lazy\" decoding=\"async\" src=\"https:\/\/i0.wp.com\/hoer.leichte.news\/play.jpg?resize=20%2C20\" alt=\"Abspielen\" width=\"20\" height=\"20\"><\/a><br \/>\nM\u00f6chtest Du diesen Text h\u00f6ren? Du kannst Ihn Dir hier auch <a href=\"https:\/\/leichte.news\/audio\/149.mp3\">vorlesen<\/a> lassen.<\/p>\n","protected":false},"excerpt":{"rendered":"<p>Die Stadt Marburg vergibt einen Preis f\u00fcr Inklusion. Bis zum 15. April k\u00f6nnen Interessierte Vorschl\u00e4ge daf\u00fcr einreichen.<\/p>\n","protected":false},"author":1,"featured_media":0,"comment_status":"closed","ping_status":"open","sticky":false,"template":"","format":"standard","meta":{"jetpack_post_was_ever_published":false,"_jetpack_newsletter_access":"","_jetpack_dont_email_post_to_subs":false,"_jetpack_newsletter_tier_id":0,"_jetpack_memberships_contains_paywalled_content":false,"_jetpack_memberships_contains_paid_content":false,"footnotes":"","jetpack_publicize_message":"","jetpack_publicize_feature_enabled":true,"jetpack_social_post_already_shared":true,"jetpack_social_options":{"image_generator_settings":{"template":"highway","default_image_id":0,"font":"","enabled":false},"version":2}},"categories":[4],"tags":[53,76,234],"class_list":["post-391","post","type-post","status-publish","format-standard","hentry","category-soziales","tag-behinderte","tag-inklusion","tag-juergen-markus"],"jetpack_publicize_connections":[],"jetpack_featured_media_url":"","jetpack_sharing_enabled":true,"jetpack_shortlink":"https:\/\/wp.me\/p8mLFQ-6j","jetpack_likes_enabled":true,"_links":{"self":[{"href":"https:\/\/leichte.news\/index.php?rest_route=\/wp\/v2\/posts\/391","targetHints":{"allow":["GET"]}}],"collection":[{"href":"https:\/\/leichte.news\/index.php?rest_route=\/wp\/v2\/posts"}],"about":[{"href":"https:\/\/leichte.news\/index.php?rest_route=\/wp\/v2\/types\/post"}],"author":[{"embeddable":true,"href":"https:\/\/leichte.news\/index.php?rest_route=\/wp\/v2\/users\/1"}],"replies":[{"embeddable":true,"href":"https:\/\/leichte.news\/index.php?rest_route=%2Fwp%2Fv2%2Fcomments&post=391"}],"version-history":[{"count":1,"href":"https:\/\/leichte.news\/index.php?rest_route=\/wp\/v2\/posts\/391\/revisions"}],"predecessor-version":[{"id":405,"href":"https:\/\/leichte.news\/index.php?rest_route=\/wp\/v2\/posts\/391\/revisions\/405"}],"wp:attachment":[{"href":"https:\/\/leichte.news\/index.php?rest_route=%2Fwp%2Fv2%2Fmedia&parent=391"}],"wp:term":[{"taxonomy":"category","embeddable":true,"href":"https:\/\/leichte.news\/index.php?rest_route=%2Fwp%2Fv2%2Fcategories&post=391"},{"taxonomy":"post_tag","embeddable":true,"href":"https:\/\/leichte.news\/index.php?rest_route=%2Fwp%2Fv2%2Ftags&post=391"}],"curies":[{"name":"wp","href":"https:\/\/api.w.org\/{rel}","templated":true}]}}