{"id":359,"date":"2019-08-02T14:05:15","date_gmt":"2019-08-02T12:05:15","guid":{"rendered":"http:\/\/leichte.news\/?p=359"},"modified":"2019-08-02T14:05:15","modified_gmt":"2019-08-02T12:05:15","slug":"abstimmen-im-kreis-am-8-september-ist-landratswahl","status":"publish","type":"post","link":"https:\/\/leichte.news\/?p=359","title":{"rendered":"Abstimmen im Kreis: Am 8. September ist Landratswahl"},"content":{"rendered":"<p>Der Landkreis Marburg-Biedenkopf bekommt eine neue Spitze. Am 8. September ist Landratswahl.<br \/>\n<!--more--><br \/>\nZwei Frauen und drei M\u00e4nner treten dazu an. Die Amtszeit im Kreishaus dauert sechs Jahre.<br \/>\nAm 8. September ist die H\u00e4lfte der Stimmen n\u00f6tig f\u00fcr einen Wahlsieg. Sonst gibt es am 22. September einen zweiten Wahlgang mit den beiden Besten.<br \/>\nKirsten Fr\u00fcndt m\u00f6chte Chefin vom Landkreis bleiben. Im September 2013 wurde die SPD-Politikerin zur Landr\u00e4tin gew\u00e4hlt. Seit dem 1. Februar 2014 leitet sie die Kreisverwaltung.<br \/>\nUwe P\u00f6ppler m\u00f6chte Landrat werden. Bisher leitet der CDU-Mann beim Landkreis den Fachbereich Familie, Jugend und Soziales.<br \/>\nHans-Werner Seitz kandidiert f\u00fcr Die Gr\u00fcnen. Bisher ist er Stadtverordneter in Marburg.<br \/>\nAnna Hofmann kandidiert schon zum zweiten Mal f\u00fcr Die Linke. Seit 18 Jahren ist sie Mitglied im Kreistag.<br \/>\nThomas Riedel ist Kandidat von der FDP. Der Michelbacher ist Beisitzer im FDP-Vorstand von Marburg.<br \/>\nNach der Wahl wird Marian Zachow nicht mehr wieder Erster Kreisbeigeordneter. Seit 2014 war der CDU-Mann der Stellvertreter von Kirsten Fr\u00fcndt.<\/p>\n<p> * Franz-Josef Hanke<br \/>\n<a href=\"https:\/\/leichte.news\/audio\/140.mp3\"><img data-recalc-dims=\"1\" decoding=\"async\" src=\"https:\/\/i0.wp.com\/hoer.leichte.news\/play.jpg?resize=20%2C20\" alt=\"Abspielen\" width=\"20\" height=\"20\"><\/a><br \/>\nM\u00f6chtest Du diesen Text h\u00f6ren? Du kannst Ihn Dir hier auch <a href=\"https:\/\/leichte.news\/audio\/140.mp3\">vorlesen<\/a> lassen.<\/p>\n","protected":false},"excerpt":{"rendered":"<p>Der Landkreis Marburg-Biedenkopf bekommt eine neue Spitze. Am 8. September ist Landratswahl.<\/p>\n","protected":false},"author":1,"featured_media":0,"comment_status":"open","ping_status":"open","sticky":false,"template":"","format":"standard","meta":{"jetpack_post_was_ever_published":false,"_jetpack_newsletter_access":"","_jetpack_dont_email_post_to_subs":false,"_jetpack_newsletter_tier_id":0,"_jetpack_memberships_contains_paywalled_content":false,"_jetpack_memberships_contains_paid_content":false,"footnotes":"","jetpack_publicize_message":"","jetpack_publicize_feature_enabled":true,"jetpack_social_post_already_shared":true,"jetpack_social_options":{"image_generator_settings":{"template":"highway","default_image_id":0,"font":"","enabled":false},"version":2}},"categories":[2],"tags":[222,221,38],"class_list":["post-359","post","type-post","status-publish","format-standard","hentry","category-politik","tag-kreis","tag-landraetin","tag-wahl"],"jetpack_publicize_connections":[],"jetpack_featured_media_url":"","jetpack_sharing_enabled":true,"jetpack_shortlink":"https:\/\/wp.me\/p8mLFQ-5N","jetpack_likes_enabled":true,"_links":{"self":[{"href":"https:\/\/leichte.news\/index.php?rest_route=\/wp\/v2\/posts\/359","targetHints":{"allow":["GET"]}}],"collection":[{"href":"https:\/\/leichte.news\/index.php?rest_route=\/wp\/v2\/posts"}],"about":[{"href":"https:\/\/leichte.news\/index.php?rest_route=\/wp\/v2\/types\/post"}],"author":[{"embeddable":true,"href":"https:\/\/leichte.news\/index.php?rest_route=\/wp\/v2\/users\/1"}],"replies":[{"embeddable":true,"href":"https:\/\/leichte.news\/index.php?rest_route=%2Fwp%2Fv2%2Fcomments&post=359"}],"version-history":[{"count":1,"href":"https:\/\/leichte.news\/index.php?rest_route=\/wp\/v2\/posts\/359\/revisions"}],"predecessor-version":[{"id":360,"href":"https:\/\/leichte.news\/index.php?rest_route=\/wp\/v2\/posts\/359\/revisions\/360"}],"wp:attachment":[{"href":"https:\/\/leichte.news\/index.php?rest_route=%2Fwp%2Fv2%2Fmedia&parent=359"}],"wp:term":[{"taxonomy":"category","embeddable":true,"href":"https:\/\/leichte.news\/index.php?rest_route=%2Fwp%2Fv2%2Fcategories&post=359"},{"taxonomy":"post_tag","embeddable":true,"href":"https:\/\/leichte.news\/index.php?rest_route=%2Fwp%2Fv2%2Ftags&post=359"}],"curies":[{"name":"wp","href":"https:\/\/api.w.org\/{rel}","templated":true}]}}