{"id":343,"date":"2019-05-20T14:37:28","date_gmt":"2019-05-20T12:37:28","guid":{"rendered":"http:\/\/leichte.news\/?p=343"},"modified":"2019-05-20T14:37:28","modified_gmt":"2019-05-20T12:37:28","slug":"am-26-mai-europa-waehlt-ein-neues-parlament","status":"publish","type":"post","link":"https:\/\/leichte.news\/?p=343","title":{"rendered":"Am 26. Mai: Europa w\u00e4hlt ein neues Parlament"},"content":{"rendered":"<p>Die Europ\u00e4ische Union (EU) w\u00e4hlt ein neues Parlament. In Deutschland ist die Europawahl am 26. Mai.<br \/>\n<!--more--><br \/>\n40 Parteien treten zu dieser Wahl an. Schon mit 1 Prozent der Stimmen kann eine Partei einen Sitz im Europa-Parlament bekommen.<br \/>\nManfred Weber m\u00f6chte Kommissionspr\u00e4sident werden. Der CSU-Mann aus Bayern ist Spitzenkandidat f\u00fcr die europ\u00e4ische Volkspartei (EVP).<br \/>\nSein sch\u00e4rfster Gegner ist Frans Timmermans aus Belgien. Er kandidiert f\u00fcr die Sozialdemokraten.<br \/>\nMargrethe Vestager aus D\u00e4nemark vertritt die Liberalen. Zur Zeit ist sie EU-Kommissarin f\u00fcr Wettbewerb.<br \/>\nSka Keller aus Deutschland ist Spitzenkandidatin f\u00fcr Die Gr\u00fcnen. Sie sitzt als Abgeordnete im EU-Parlament.<br \/>\nAuch ein Mann aus Marburg wird wohl ins EU-Parlament einziehen. Er hei\u00dft Sven Simon. Auf der Liste der CDU Hessen steht er am ersten Platz.<br \/>\nIn 27 EU-L\u00e4ndern w\u00e4hlen die B\u00fcrger ihre Abgeordneten f\u00fcr das Europa-Parlament. Au\u00dferdem w\u00e4hlen die Briten mit. Den Brexit haben sie auf Oktober verschoben.<br \/>\nZum ersten Mal w\u00e4hlen d\u00fcrfen auch rund 82.000 behinderte Menschen in Deutschland. Bisher durften sie nicht mitw\u00e4hlen. Doch das Bundesverfassungsgericht (BVerfG) hat diese Benachteiligung verboten.<br \/>\nAllerdings m\u00fcssen sie vor der Wahl einen Antrag stellen. Daf\u00fcr m\u00fcssen sie zum Wahlamt gehen.<br \/>\nDas Wahlamt f\u00fcr Marburg ist im Rathaus. Da k\u00f6nnen die Stimmberechtigten jetzt schon Briefwahl machen.<br \/>\nEuropa ist sehr wichtig. Aber viele Rassisten und Rechtspopulisten schimpfen auf Europa. Deshalb sollte man nur demokratische und mitmenschliche Politiker w\u00e4hlen.<br \/>\n * Franz-Josef Hanke<br \/>\n<a href=\"https:\/\/leichte.news\/audio\/136.mp3\"><img data-recalc-dims=\"1\" decoding=\"async\" src=\"https:\/\/i0.wp.com\/hoer.leichte.news\/play.jpg?resize=20%2C20\" alt=\"Abspielen\" width=\"20\" height=\"20\"><\/a><br \/>\nM\u00f6chtest Du diesen Text h\u00f6ren? Du kannst Ihn Dir hier auch <a href=\"https:\/\/leichte.news\/audio\/136.mp3\">vorlesen<\/a> lassen.<\/p>\n","protected":false},"excerpt":{"rendered":"<p>Die Europ\u00e4ische Union (EU) w\u00e4hlt ein neues Parlament. In Deutschland ist die Europawahl am 26. Mai.<\/p>\n","protected":false},"author":1,"featured_media":0,"comment_status":"open","ping_status":"open","sticky":false,"template":"","format":"standard","meta":{"jetpack_post_was_ever_published":false,"_jetpack_newsletter_access":"","_jetpack_dont_email_post_to_subs":false,"_jetpack_newsletter_tier_id":0,"_jetpack_memberships_contains_paywalled_content":false,"_jetpack_memberships_contains_paid_content":false,"footnotes":"","jetpack_publicize_message":"","jetpack_publicize_feature_enabled":true,"jetpack_social_post_already_shared":true,"jetpack_social_options":{"image_generator_settings":{"template":"highway","default_image_id":0,"font":"","enabled":false},"version":2}},"categories":[2],"tags":[],"class_list":["post-343","post","type-post","status-publish","format-standard","hentry","category-politik"],"jetpack_publicize_connections":[],"jetpack_featured_media_url":"","jetpack_sharing_enabled":true,"jetpack_shortlink":"https:\/\/wp.me\/p8mLFQ-5x","jetpack_likes_enabled":true,"_links":{"self":[{"href":"https:\/\/leichte.news\/index.php?rest_route=\/wp\/v2\/posts\/343","targetHints":{"allow":["GET"]}}],"collection":[{"href":"https:\/\/leichte.news\/index.php?rest_route=\/wp\/v2\/posts"}],"about":[{"href":"https:\/\/leichte.news\/index.php?rest_route=\/wp\/v2\/types\/post"}],"author":[{"embeddable":true,"href":"https:\/\/leichte.news\/index.php?rest_route=\/wp\/v2\/users\/1"}],"replies":[{"embeddable":true,"href":"https:\/\/leichte.news\/index.php?rest_route=%2Fwp%2Fv2%2Fcomments&post=343"}],"version-history":[{"count":1,"href":"https:\/\/leichte.news\/index.php?rest_route=\/wp\/v2\/posts\/343\/revisions"}],"predecessor-version":[{"id":344,"href":"https:\/\/leichte.news\/index.php?rest_route=\/wp\/v2\/posts\/343\/revisions\/344"}],"wp:attachment":[{"href":"https:\/\/leichte.news\/index.php?rest_route=%2Fwp%2Fv2%2Fmedia&parent=343"}],"wp:term":[{"taxonomy":"category","embeddable":true,"href":"https:\/\/leichte.news\/index.php?rest_route=%2Fwp%2Fv2%2Fcategories&post=343"},{"taxonomy":"post_tag","embeddable":true,"href":"https:\/\/leichte.news\/index.php?rest_route=%2Fwp%2Fv2%2Ftags&post=343"}],"curies":[{"name":"wp","href":"https:\/\/api.w.org\/{rel}","templated":true}]}}