{"id":216,"date":"2017-07-30T10:36:35","date_gmt":"2017-07-30T08:36:35","guid":{"rendered":"http:\/\/leichte.news\/?p=216"},"modified":"2017-07-30T10:36:35","modified_gmt":"2017-07-30T08:36:35","slug":"sommerakademie-malen-basteln-clown-oder-theater-spielen","status":"publish","type":"post","link":"https:\/\/leichte.news\/?p=216","title":{"rendered":"Sommerakademie: Malen, basteln, Clown oder Theater spielen"},"content":{"rendered":"<p>Bei der Sommerakademie k\u00f6nnen die Teilnehmer malen oder basteln, Theater spielen oder Clowns sein. Im Jahr 2017 gibt es die Marburger Sommerakademie schon zum 40. Mal. <!--more--><br \/>\nStadtr\u00e4tin Dr. Kerstin Weinbach hat die Sommerakademie am Sonntag (16. Juli) er\u00f6ffnet. 2017 machen knapp 300 Menschen mit. Sie kommen aus Marburg, Hessen und Deutschland oder sogar aus anderen L\u00e4ndern in Europa.<br \/>\nNathalie Rieb und Imane Hachem wohnen in Poitiers. Das ist die Partnerstadt von Marburg in Frankreich.<br \/>\nAndrei Oancea kommt aus Sibiu. Diese Stadt liegt in Rum\u00e4nien. Auch sie ist eine Partnerstadt von Marburg.<br \/>\nAlle haben viel gebastelt oder Theaterst\u00fccke einstudiert. Dabei konnten sie viel lernen.<br \/>\nAm Freitag (28. Juli) konnte man ihnen dabei zusehen. Auch am Donnerstag (3. August) kann man die Werkst\u00e4tten noch einmal anschauen. Am Wochenende danach ist dann Schluss.<br \/>\nDie Marburger Sommerakademie ist etwas ganz Besonderes. In Deutschland gibt es so was nicht noch einmal. Seit 40 Jahren kommen deshalb viele pfiffige Menschen nach Marburg.<\/p>\n<p>* Franz-Josef Hanke<br \/>\n<a href=\"https:\/\/leichte.news\/audio\/91.mp3\"><img data-recalc-dims=\"1\" loading=\"lazy\" decoding=\"async\" src=\"https:\/\/i0.wp.com\/hoer.leichte.news\/play.jpg?resize=20%2C20\" alt=\"Abspielen\" width=\"20\" height=\"20\" \/><\/a><br \/>\nM\u00f6chtest Du diesen Text h\u00f6ren? Du kannst Ihn Dir hier auch <a href=\"https:\/\/leichte.news\/audio\/91.mp3\">vorlesen<\/a> lassen.<\/p>\n","protected":false},"excerpt":{"rendered":"<p>Bei der Sommerakademie k\u00f6nnen die Teilnehmer malen oder basteln, Theater spielen oder Clowns sein. Im Jahr 2017 gibt es die Marburger Sommerakademie schon zum 40. Mal.<\/p>\n","protected":false},"author":1,"featured_media":0,"comment_status":"closed","ping_status":"open","sticky":false,"template":"","format":"standard","meta":{"jetpack_post_was_ever_published":false,"_jetpack_newsletter_access":"","_jetpack_dont_email_post_to_subs":false,"_jetpack_newsletter_tier_id":0,"_jetpack_memberships_contains_paywalled_content":false,"_jetpack_memberships_contains_paid_content":false,"footnotes":"","jetpack_publicize_message":"","jetpack_publicize_feature_enabled":true,"jetpack_social_post_already_shared":true,"jetpack_social_options":{"image_generator_settings":{"template":"highway","default_image_id":0,"font":"","enabled":false},"version":2}},"categories":[5,3],"tags":[156,157,158,159],"class_list":["post-216","post","type-post","status-publish","format-standard","hentry","category-bildung","category-kultur","tag-basteln","tag-clowns","tag-malen","tag-sommerakademie"],"jetpack_publicize_connections":[],"jetpack_featured_media_url":"","jetpack_sharing_enabled":true,"jetpack_shortlink":"https:\/\/wp.me\/p8mLFQ-3u","jetpack_likes_enabled":true,"_links":{"self":[{"href":"https:\/\/leichte.news\/index.php?rest_route=\/wp\/v2\/posts\/216","targetHints":{"allow":["GET"]}}],"collection":[{"href":"https:\/\/leichte.news\/index.php?rest_route=\/wp\/v2\/posts"}],"about":[{"href":"https:\/\/leichte.news\/index.php?rest_route=\/wp\/v2\/types\/post"}],"author":[{"embeddable":true,"href":"https:\/\/leichte.news\/index.php?rest_route=\/wp\/v2\/users\/1"}],"replies":[{"embeddable":true,"href":"https:\/\/leichte.news\/index.php?rest_route=%2Fwp%2Fv2%2Fcomments&post=216"}],"version-history":[{"count":0,"href":"https:\/\/leichte.news\/index.php?rest_route=\/wp\/v2\/posts\/216\/revisions"}],"wp:attachment":[{"href":"https:\/\/leichte.news\/index.php?rest_route=%2Fwp%2Fv2%2Fmedia&parent=216"}],"wp:term":[{"taxonomy":"category","embeddable":true,"href":"https:\/\/leichte.news\/index.php?rest_route=%2Fwp%2Fv2%2Fcategories&post=216"},{"taxonomy":"post_tag","embeddable":true,"href":"https:\/\/leichte.news\/index.php?rest_route=%2Fwp%2Fv2%2Ftags&post=216"}],"curies":[{"name":"wp","href":"https:\/\/api.w.org\/{rel}","templated":true}]}}