{"id":215,"date":"2017-07-12T11:32:55","date_gmt":"2017-07-12T09:32:55","guid":{"rendered":"http:\/\/leichte.news\/?p=215"},"modified":"2017-07-12T11:32:55","modified_gmt":"2017-07-12T09:32:55","slug":"besser-fuer-alle-20-jahre-behindertenbeirat-in-marburg","status":"publish","type":"post","link":"https:\/\/leichte.news\/?p=215","title":{"rendered":"Besser f\u00fcr alle: 20 Jahre Behindertenbeirat in Marburg"},"content":{"rendered":"<p>Der Behindertenbeirat feiert Geburtstag. 2017 wird er 20 Jahre alt. Oberb\u00fcrgermeister Dr. Thomas Spies hat ihn am Montag (10. Juli) ins Rathaus eingeladen. <!--more--><br \/>\n&#8222;Der ersten Sitzung des Behindertenbeirats am 3. Juli 1997 gingen jahrelange Bem\u00fchungen der Behindertenverb\u00e4nde voraus.&#8220; Daran erinnert sich Franz-Josef Visse noch gut. Von Anfang an ist er der Vorsitzende vom Behindertenbeirat.<br \/>\nDer Behindertenbeirat wird von einer Delegiertenversammlung gew\u00e4hlt. Er tagt viertelj\u00e4hrlich.<br \/>\nEr hat Antragsrecht an den Magistrat und Rederecht in den Aussch\u00fcssen vomParlament. Er setzt sich f\u00fcr Barrierefreiheit und Inklusion in Marburg ein.<br \/>\nDas tut er in drei Arbeitsgruppen. Die Arbeitsgruppe Bau und Verkehr k\u00fcmmert sich um alle Bauma\u00dfnahmen in Marburg. Die Arbeitsgruppe Inklusion behinderter Kinder und Jugendlicher hat Ferienangebote frei gemacht f\u00fcr junge Behinderte.<br \/>\nF\u00fcr Leichte Sprache in der Stadt setzt sich die AG Leichte Sprache ein. Menschen mit Lernschwierigkeiten sollen an alle wichtigen Informationen kommen.<br \/>\nIm Internet hat die Stadt Marburg schon mehrere Seiten in Leichter Sprache. Auch wichtige Brosch\u00fcren sollen f\u00fcr alle verst\u00e4ndlich sein. Einladungen und Protokolle vom Behindertenbeirat werden auch schon in Leichter Sprache verschickt.<br \/>\nInzwischen gilt Marburg als behindertenfreundliche Stadt. Daf\u00fcr hat der Behindertenbeirat gesorgt. Neben Jo Visse sind auch Carola Ewinkel und Dr. Heinz Willi Bach von Anfang an mit dabei.<br \/>\nBehinderte kennen ihre eigenen Probleme am besten. Im Behindertenbeirat machen sie Vorschl\u00e4ge f\u00fcr niedrige Bordsteinkanten, sprechende Haltestellen oder f\u00fcr Rampen an wichtigen H\u00e4usern. So macht der Behindertenbeirat Marburg besser f\u00fcr alle.<\/p>\n<p>* Franz-Josef Hanke<br \/>\n<a href=\"https:\/\/leichte.news\/audio\/90.mp3\"><img data-recalc-dims=\"1\" loading=\"lazy\" decoding=\"async\" src=\"https:\/\/i0.wp.com\/hoer.leichte.news\/play.jpg?resize=20%2C20\" alt=\"Abspielen\" width=\"20\" height=\"20\" \/><\/a><br \/>\nM\u00f6chtest Du diesen Text h\u00f6ren? Du kannst Ihn Dir hier auch <a href=\"https:\/\/leichte.news\/audio\/90.mp3\">vorlesen<\/a> lassen.<\/p>\n","protected":false},"excerpt":{"rendered":"<p>Der Behindertenbeirat feiert Geburtstag. 2017 wird er 20 Jahre alt. Oberb\u00fcrgermeister Dr. Thomas Spies hat ihn am Montag (10. Juli) ins Rathaus eingeladen.<\/p>\n","protected":false},"author":1,"featured_media":0,"comment_status":"closed","ping_status":"open","sticky":false,"template":"","format":"standard","meta":{"jetpack_post_was_ever_published":false,"_jetpack_newsletter_access":"","_jetpack_dont_email_post_to_subs":false,"_jetpack_newsletter_tier_id":0,"_jetpack_memberships_contains_paywalled_content":false,"_jetpack_memberships_contains_paid_content":false,"footnotes":"","jetpack_publicize_message":"","jetpack_publicize_feature_enabled":true,"jetpack_social_post_already_shared":true,"jetpack_social_options":{"image_generator_settings":{"template":"highway","default_image_id":0,"font":"","enabled":false},"version":2}},"categories":[2,4],"tags":[53,155,76],"class_list":["post-215","post","type-post","status-publish","format-standard","hentry","category-politik","category-soziales","tag-behinderte","tag-behindertenbeirat","tag-inklusion"],"jetpack_publicize_connections":[],"jetpack_featured_media_url":"","jetpack_sharing_enabled":true,"jetpack_shortlink":"https:\/\/wp.me\/p8mLFQ-3t","jetpack_likes_enabled":true,"_links":{"self":[{"href":"https:\/\/leichte.news\/index.php?rest_route=\/wp\/v2\/posts\/215","targetHints":{"allow":["GET"]}}],"collection":[{"href":"https:\/\/leichte.news\/index.php?rest_route=\/wp\/v2\/posts"}],"about":[{"href":"https:\/\/leichte.news\/index.php?rest_route=\/wp\/v2\/types\/post"}],"author":[{"embeddable":true,"href":"https:\/\/leichte.news\/index.php?rest_route=\/wp\/v2\/users\/1"}],"replies":[{"embeddable":true,"href":"https:\/\/leichte.news\/index.php?rest_route=%2Fwp%2Fv2%2Fcomments&post=215"}],"version-history":[{"count":0,"href":"https:\/\/leichte.news\/index.php?rest_route=\/wp\/v2\/posts\/215\/revisions"}],"wp:attachment":[{"href":"https:\/\/leichte.news\/index.php?rest_route=%2Fwp%2Fv2%2Fmedia&parent=215"}],"wp:term":[{"taxonomy":"category","embeddable":true,"href":"https:\/\/leichte.news\/index.php?rest_route=%2Fwp%2Fv2%2Fcategories&post=215"},{"taxonomy":"post_tag","embeddable":true,"href":"https:\/\/leichte.news\/index.php?rest_route=%2Fwp%2Fv2%2Ftags&post=215"}],"curies":[{"name":"wp","href":"https:\/\/api.w.org\/{rel}","templated":true}]}}