{"id":178,"date":"2016-10-02T10:50:00","date_gmt":"2016-10-02T09:50:00","guid":{"rendered":"http:\/\/leichte.news\/?p=178"},"modified":"2016-10-02T10:50:00","modified_gmt":"2016-10-02T09:50:00","slug":"sprache-kann-behindern-texte-ueber-leichte-sprache-sollen-in-leichter-sprache-sein","status":"publish","type":"post","link":"https:\/\/leichte.news\/?p=178","title":{"rendered":"Sprache kann behindern: Texte \u00fcber Leichte Sprache sollen in Leichter Sprache sein"},"content":{"rendered":"<p>Texte \u00fcber Leichte Sprache soll man in Leichter Sprache schreiben. Nur dann schreibt man f\u00fcr die Leser von Leichter Sprache. Sonst aber nimmt man sie nicht ernst. <!--more--><br \/>\nTexte \u00fcber Menschen mit Geistiger Behinderung soll man in Leichter Sprache schreiben. Sonst k\u00f6nnen die Betroffenen sie nicht lesen. Das ist nicht gut.<br \/>\nAlle Menschen muss man ernst nehmen. Man darf Keinen ausgrenzen. Das tun Texte \u00fcber Menschen mit Geistiger Behinderung in schwerer Sprache aber.<br \/>\nMan soll nicht hinter ihrem R\u00fccken \u00fcber Menschen reden. Sie sollen Gespr\u00e4che \u00fcber sie mitbekommen.<br \/>\nGenauso wie Gespr\u00e4che hinter dem R\u00fccken von Menschen sind Texte in schwerer Sprache \u00fcber Menschen mit Geistiger Behinderung. Viele k\u00f6nnen sie nicht verstehen.<br \/>\nLeichte Sprache dagegen kann fast Jeder verstehen. Texte in Leichter Sprache sind also gut f\u00fcr Alle. * Franz-Josef Hanke<br \/>\n<a href=\"https:\/\/leichte.news\/audio\/71.mp3\"><img data-recalc-dims=\"1\" loading=\"lazy\" decoding=\"async\" src=\"https:\/\/i0.wp.com\/hoer.leichte.news\/play.jpg?resize=20%2C20\" alt=\"Abspielen\" width=\"20\" height=\"20\" \/><\/a><br \/>\nM\u00f6chtest Du diesen Text h\u00f6ren? Du kannst Ihn Dir hier auch <a href=\"https:\/\/leichte.news\/audio\/71.mp3\">vorlesen<\/a> lassen.<\/p>\n","protected":false},"excerpt":{"rendered":"<p>Texte \u00fcber Leichte Sprache soll man in Leichter Sprache schreiben. Nur dann schreibt man f\u00fcr die Leser von Leichter Sprache. Sonst aber nimmt man sie nicht ernst.<\/p>\n","protected":false},"author":1,"featured_media":0,"comment_status":"closed","ping_status":"open","sticky":false,"template":"","format":"standard","meta":{"jetpack_post_was_ever_published":false,"_jetpack_newsletter_access":"","_jetpack_dont_email_post_to_subs":false,"_jetpack_newsletter_tier_id":0,"_jetpack_memberships_contains_paywalled_content":false,"_jetpack_memberships_contains_paid_content":false,"footnotes":"","jetpack_publicize_message":"","jetpack_publicize_feature_enabled":true,"jetpack_social_post_already_shared":true,"jetpack_social_options":{"image_generator_settings":{"template":"highway","default_image_id":0,"font":"","enabled":false},"version":2}},"categories":[5,4],"tags":[117,76,11],"class_list":["post-178","post","type-post","status-publish","format-standard","hentry","category-bildung","category-soziales","tag-deutsch","tag-inklusion","tag-leichte-sprache"],"jetpack_publicize_connections":[],"jetpack_featured_media_url":"","jetpack_sharing_enabled":true,"jetpack_shortlink":"https:\/\/wp.me\/p8mLFQ-2S","jetpack_likes_enabled":true,"_links":{"self":[{"href":"https:\/\/leichte.news\/index.php?rest_route=\/wp\/v2\/posts\/178","targetHints":{"allow":["GET"]}}],"collection":[{"href":"https:\/\/leichte.news\/index.php?rest_route=\/wp\/v2\/posts"}],"about":[{"href":"https:\/\/leichte.news\/index.php?rest_route=\/wp\/v2\/types\/post"}],"author":[{"embeddable":true,"href":"https:\/\/leichte.news\/index.php?rest_route=\/wp\/v2\/users\/1"}],"replies":[{"embeddable":true,"href":"https:\/\/leichte.news\/index.php?rest_route=%2Fwp%2Fv2%2Fcomments&post=178"}],"version-history":[{"count":0,"href":"https:\/\/leichte.news\/index.php?rest_route=\/wp\/v2\/posts\/178\/revisions"}],"wp:attachment":[{"href":"https:\/\/leichte.news\/index.php?rest_route=%2Fwp%2Fv2%2Fmedia&parent=178"}],"wp:term":[{"taxonomy":"category","embeddable":true,"href":"https:\/\/leichte.news\/index.php?rest_route=%2Fwp%2Fv2%2Fcategories&post=178"},{"taxonomy":"post_tag","embeddable":true,"href":"https:\/\/leichte.news\/index.php?rest_route=%2Fwp%2Fv2%2Ftags&post=178"}],"curies":[{"name":"wp","href":"https:\/\/api.w.org\/{rel}","templated":true}]}}