{"id":152,"date":"2016-06-03T09:10:00","date_gmt":"2016-06-03T08:10:00","guid":{"rendered":"http:\/\/leichte.news\/?p=152"},"modified":"2016-06-03T09:10:00","modified_gmt":"2016-06-03T08:10:00","slug":"ganz-umgebaut-das-erwin-piscator-haus-ist-fertig","status":"publish","type":"post","link":"https:\/\/leichte.news\/?p=152","title":{"rendered":"Ganz umgebaut: Das Erwin-Piscator-Haus ist fertig"},"content":{"rendered":"<p>Das Erwin-Piscator-Haus ist fertig. Am Samstag (4. Juni) wird das EPH mit einem gro\u00dfen Fest eingeweiht. <!--more--><br \/>\nDrei Jahre lang wurde die Marburger Stadthalle umgebaut. Au\u00dfen und innen wurde das Haus ganz neu gemacht.<br \/>\nJetzt gibt es darin einen gro\u00dfen und einen kleinen Saal. Neben der Kasse des Hessischen landestheaters ist dann auch der Kulturladen KFZ in diesem Haus. Au\u00dferdem findet man im EPH auch die Tourist-Information.<br \/>\nAm Samstag ab 13 Uhr k\u00f6nnen sich alle das umgebaute EPH ansehen. Zwei Tage lang gibt es ein buntes Programm mit Musik. Am Samstagabend ist au\u00dferdem eine gro\u00dfe Einweihungs-Show mit Lars Reichow.<br \/>\nAm Sonntagvormittag k\u00f6nnen die Besucher Interessantes \u00fcber Erwin Piscator erfahren. Der Theaterregisseur aus Marburg hat dem Haus seinen Namen gegeben.<br \/>\nIm EPH gibt es danach wieder viele Veranstaltungen. Die Halle liegt neben dem Museum und gegen\u00fcber vom H\u00f6rsaalgeb\u00e4ude an der Biegenstra\u00dfe. Direkt nebenan ist die Martin-Luther-Schule.<br \/>\nDie Menschen in Marburg sind sehr froh: Endlich haben sie wieder Platz f\u00fcr Konzerte und Theater. Die gro\u00dfe Halle hat ihnen sehr gefehlt. * Franz-Josef Hanke<br \/>\n<a href=\"https:\/\/leichte.news\/audio\/63.mp3\"><img data-recalc-dims=\"1\" loading=\"lazy\" decoding=\"async\" src=\"https:\/\/i0.wp.com\/hoer.leichte.news\/play.jpg?resize=20%2C20\" alt=\"Abspielen\" width=\"20\" height=\"20\" \/><\/a><br \/>\nM\u00f6chtest Du diesen Text h\u00f6ren? Du kannst Ihn Dir hier auch <a href=\"https:\/\/leichte.news\/audio\/63.mp3\">vorlesen<\/a> lassen.<\/p>\n","protected":false},"excerpt":{"rendered":"<p>Das Erwin-Piscator-Haus ist fertig. Am Samstag (4. Juni) wird das EPH mit einem gro\u00dfen Fest eingeweiht.<\/p>\n","protected":false},"author":1,"featured_media":0,"comment_status":"closed","ping_status":"open","sticky":false,"template":"","format":"standard","meta":{"jetpack_post_was_ever_published":false,"_jetpack_newsletter_access":"","_jetpack_dont_email_post_to_subs":false,"_jetpack_newsletter_tier_id":0,"_jetpack_memberships_contains_paywalled_content":false,"_jetpack_memberships_contains_paid_content":false,"footnotes":"","jetpack_publicize_message":"","jetpack_publicize_feature_enabled":true,"jetpack_social_post_already_shared":true,"jetpack_social_options":{"image_generator_settings":{"template":"highway","default_image_id":0,"font":"","enabled":false},"version":2}},"categories":[3,4],"tags":[99,100,101],"class_list":["post-152","post","type-post","status-publish","format-standard","hentry","category-kultur","category-soziales","tag-eph","tag-erwin-piscator-haus","tag-stadthalle"],"jetpack_publicize_connections":[],"jetpack_featured_media_url":"","jetpack_sharing_enabled":true,"jetpack_shortlink":"https:\/\/wp.me\/p8mLFQ-2s","jetpack_likes_enabled":true,"_links":{"self":[{"href":"https:\/\/leichte.news\/index.php?rest_route=\/wp\/v2\/posts\/152","targetHints":{"allow":["GET"]}}],"collection":[{"href":"https:\/\/leichte.news\/index.php?rest_route=\/wp\/v2\/posts"}],"about":[{"href":"https:\/\/leichte.news\/index.php?rest_route=\/wp\/v2\/types\/post"}],"author":[{"embeddable":true,"href":"https:\/\/leichte.news\/index.php?rest_route=\/wp\/v2\/users\/1"}],"replies":[{"embeddable":true,"href":"https:\/\/leichte.news\/index.php?rest_route=%2Fwp%2Fv2%2Fcomments&post=152"}],"version-history":[{"count":0,"href":"https:\/\/leichte.news\/index.php?rest_route=\/wp\/v2\/posts\/152\/revisions"}],"wp:attachment":[{"href":"https:\/\/leichte.news\/index.php?rest_route=%2Fwp%2Fv2%2Fmedia&parent=152"}],"wp:term":[{"taxonomy":"category","embeddable":true,"href":"https:\/\/leichte.news\/index.php?rest_route=%2Fwp%2Fv2%2Fcategories&post=152"},{"taxonomy":"post_tag","embeddable":true,"href":"https:\/\/leichte.news\/index.php?rest_route=%2Fwp%2Fv2%2Ftags&post=152"}],"curies":[{"name":"wp","href":"https:\/\/api.w.org\/{rel}","templated":true}]}}